{"id":66581,"date":"2019-09-29T00:34:59","date_gmt":"2019-09-29T03:34:59","guid":{"rendered":"http:\/\/portalcatolico.net\/portal\/?p=66581"},"modified":"2019-09-28T19:55:46","modified_gmt":"2019-09-28T22:55:46","slug":"dia-das-criancas-solidario-contribua-com-sua-doacao-e-faca-criancas-felizes","status":"publish","type":"post","link":"https:\/\/portalcatolico.net\/portal\/dia-das-criancas-solidario-contribua-com-sua-doacao-e-faca-criancas-felizes\/","title":{"rendered":"Dia das crian\u00e7as solid\u00e1rio: contribua com sua doa\u00e7\u00e3o e fa\u00e7a crian\u00e7as felizes!"},"content":{"rendered":"<p>O Grupo de Jovens Filhos do Amado da Par\u00f3quia Nossa Senhora Aparecida est\u00e1 preparando a sexta edi\u00e7\u00e3o do Dia das crian\u00e7as solid\u00e1rio. O evento consiste na arrecada\u00e7\u00e3o de brinquedos, doces, pipocas, p\u00e3es, utens\u00edlios de higiene bucal&#8230; por meio de doa\u00e7\u00f5es. Vai acontecer no dia 12 de outubro, \u00e0s 8h30, na Comunidade Rainha dos Anjos, no Bairro Nova Calif\u00f3rnia, em Itabuna (BA).<\/p>\n<p>Os pontos de entrega das doa\u00e7\u00f5es s\u00e3o: Par\u00f3quia Nossa Senhora Aparecida (no Bairro Calif\u00f3rnia), Secretaria da Par\u00f3quia e Comunidade Nossa Senhora de Guadalupe (Bairro Parque Boa Vista).<\/p>\n<p>Quem quiser ajudar e obter mais informa\u00e7\u00f5es, pode entrar em contato pelos telefones: (73) 99114-3573 (falar com F\u00e1bio), (73) 98842-3459 (falar com Arilayne) e (73) 98814-1089 (falar com Silvio).<\/p>\n","protected":false},"excerpt":{"rendered":"<p>O Grupo de Jovens Filhos do Amado da Par\u00f3quia Nossa Senhora Aparecida est\u00e1 preparando a sexta edi\u00e7\u00e3o do Dia das crian\u00e7as solid\u00e1rio. O evento consiste na arrecada\u00e7\u00e3o de brinquedos, doces, pipocas, p\u00e3es, utens\u00edlios de higiene bucal&#8230; por meio de doa\u00e7\u00f5es. Vai acontecer no dia 12 de outubro, \u00e0s 8h30, na Comunidade Rainha dos Anjos, no&nbsp;<\/p>\n<p><a class=\"btn btn-style\" href=\"https:\/\/portalcatolico.net\/portal\/dia-das-criancas-solidario-contribua-com-sua-doacao-e-faca-criancas-felizes\/\">Continue Reading<\/a><\/p>\n","protected":false},"author":2,"featured_media":66587,"comment_status":"open","ping_status":"open","sticky":false,"template":"","format":"standard","meta":{"footnotes":""},"categories":[1],"tags":[],"class_list":["post-66581","post","type-post","status-publish","format-standard","has-post-thumbnail","hentry","category-agenda"],"_links":{"self":[{"href":"https:\/\/portalcatolico.net\/portal\/wp-json\/wp\/v2\/posts\/66581","targetHints":{"allow":["GET"]}}],"collection":[{"href":"https:\/\/portalcatolico.net\/portal\/wp-json\/wp\/v2\/posts"}],"about":[{"href":"https:\/\/portalcatolico.net\/portal\/wp-json\/wp\/v2\/types\/post"}],"author":[{"embeddable":true,"href":"https:\/\/portalcatolico.net\/portal\/wp-json\/wp\/v2\/users\/2"}],"replies":[{"embeddable":true,"href":"https:\/\/portalcatolico.net\/portal\/wp-json\/wp\/v2\/comments?post=66581"}],"version-history":[{"count":1,"href":"https:\/\/portalcatolico.net\/portal\/wp-json\/wp\/v2\/posts\/66581\/revisions"}],"predecessor-version":[{"id":66582,"href":"https:\/\/portalcatolico.net\/portal\/wp-json\/wp\/v2\/posts\/66581\/revisions\/66582"}],"wp:featuredmedia":[{"embeddable":true,"href":"https:\/\/portalcatolico.net\/portal\/wp-json\/wp\/v2\/media\/66587"}],"wp:attachment":[{"href":"https:\/\/portalcatolico.net\/portal\/wp-json\/wp\/v2\/media?parent=66581"}],"wp:term":[{"taxonomy":"category","embeddable":true,"href":"https:\/\/portalcatolico.net\/portal\/wp-json\/wp\/v2\/categories?post=66581"},{"taxonomy":"post_tag","embeddable":true,"href":"https:\/\/portalcatolico.net\/portal\/wp-json\/wp\/v2\/tags?post=66581"}],"curies":[{"name":"wp","href":"https:\/\/api.w.org\/{rel}","templated":true}]}}