{"id":66556,"date":"2019-09-30T00:10:25","date_gmt":"2019-09-30T03:10:25","guid":{"rendered":"http:\/\/portalcatolico.net\/portal\/?p=66556"},"modified":"2019-09-27T21:37:01","modified_gmt":"2019-09-28T00:37:01","slug":"palavra-do-pastor-dom-carlos-fala-sobre-o-grande-patrono-das-traducoes-biblicas-sao-jeronimo","status":"publish","type":"post","link":"https:\/\/portalcatolico.net\/portal\/palavra-do-pastor-dom-carlos-fala-sobre-o-grande-patrono-das-traducoes-biblicas-sao-jeronimo\/","title":{"rendered":"Palavra do Pastor: Dom Carlos fala sobre o grande patrono das tradu\u00e7\u00f5es b\u00edblicas, S\u00e3o Jer\u00f4nimo!"},"content":{"rendered":"<p>Hoje, dia 30 de setembro, celebra-se o Dia de S\u00e3o Jer\u00f4nimo. S\u00e3o Jer\u00f4nimo nasceu em Estrid\u00e3o, Dalm\u00e1cia, antiga Iugosl\u00e1via por volta de 347 e faleceu em 30 de setembro de 420 em Bel\u00e9m, na Palestina.<br \/>\nJer\u00f4nimo quer dizer nome sagrado. Seus pais eram ricos e puderam mand\u00e1-lo para Roma realizar seus estudos. Como setembro \u00e9 o M\u00eas da B\u00edblia,&nbsp;&nbsp;o dia 30 foi escolhido para homenagear S\u00e3o Jer\u00f4nimo, por ele ser patrono dos estudos b\u00edblicos, Dom&nbsp;Carlos Alberto dos Santos, bispo da Diocese de Itabuna, no sul<br \/>\nda Bahia, falou sobre ele, nesta edi\u00e7\u00e3o da Palavra do Pastor. Confira!<\/p>\n<p>&#8220;S\u00e3o Jer\u00f4nimo foi padre e considerado doutor da Igreja. N\u00e3o considerado, mas ele estudou verdadeiramente. Ele ficou como patrono da tradu\u00e7\u00e3o das Sagradas Escrituras, para que todos pudessem conhecer a Palavra. E ele diz: &#8216;Ignorar as Sagradas Escrituras, \u00e9 ignorar a Jesus Cristo&#8217;. Por isso, ele dedicou-se \u00e0 tradu\u00e7\u00e3o da B\u00edblia, a partir dos textos originais. Ele \u00e9 um grande colaborador, um grande liturgo, e um grande companheiro da Igreja, tanto \u00e9 que \u00e9 lembrado no dia 30, justamente por ele ter esse amor, esse carinho, pelas Sagradas Escrituras. Setembro, sendo m\u00eas de B\u00edblia, n\u00f3s o coroamos , manifestando nosso carinho, nosso amor, pelo amor que ele transmitiu para todos n\u00f3s.&#8221;<\/p>\n<p>Texto e foto:Portal Cat\u00f3lico.Net<\/p>\n","protected":false},"excerpt":{"rendered":"<p>Hoje, dia 30 de setembro, celebra-se o Dia de S\u00e3o Jer\u00f4nimo. S\u00e3o Jer\u00f4nimo nasceu em Estrid\u00e3o, Dalm\u00e1cia, antiga Iugosl\u00e1via por volta de 347 e faleceu em 30 de setembro de 420 em Bel\u00e9m, na Palestina. Jer\u00f4nimo quer dizer nome sagrado. Seus pais eram ricos e puderam mand\u00e1-lo para Roma realizar seus estudos. Como setembro \u00e9&nbsp;<\/p>\n<p><a class=\"btn btn-style\" href=\"https:\/\/portalcatolico.net\/portal\/palavra-do-pastor-dom-carlos-fala-sobre-o-grande-patrono-das-traducoes-biblicas-sao-jeronimo\/\">Continue Reading<\/a><\/p>\n","protected":false},"author":2,"featured_media":66557,"comment_status":"open","ping_status":"open","sticky":false,"template":"","format":"standard","meta":{"footnotes":""},"categories":[72],"tags":[],"class_list":["post-66556","post","type-post","status-publish","format-standard","has-post-thumbnail","hentry","category-palavra-do-pastor"],"_links":{"self":[{"href":"https:\/\/portalcatolico.net\/portal\/wp-json\/wp\/v2\/posts\/66556","targetHints":{"allow":["GET"]}}],"collection":[{"href":"https:\/\/portalcatolico.net\/portal\/wp-json\/wp\/v2\/posts"}],"about":[{"href":"https:\/\/portalcatolico.net\/portal\/wp-json\/wp\/v2\/types\/post"}],"author":[{"embeddable":true,"href":"https:\/\/portalcatolico.net\/portal\/wp-json\/wp\/v2\/users\/2"}],"replies":[{"embeddable":true,"href":"https:\/\/portalcatolico.net\/portal\/wp-json\/wp\/v2\/comments?post=66556"}],"version-history":[{"count":1,"href":"https:\/\/portalcatolico.net\/portal\/wp-json\/wp\/v2\/posts\/66556\/revisions"}],"predecessor-version":[{"id":66558,"href":"https:\/\/portalcatolico.net\/portal\/wp-json\/wp\/v2\/posts\/66556\/revisions\/66558"}],"wp:featuredmedia":[{"embeddable":true,"href":"https:\/\/portalcatolico.net\/portal\/wp-json\/wp\/v2\/media\/66557"}],"wp:attachment":[{"href":"https:\/\/portalcatolico.net\/portal\/wp-json\/wp\/v2\/media?parent=66556"}],"wp:term":[{"taxonomy":"category","embeddable":true,"href":"https:\/\/portalcatolico.net\/portal\/wp-json\/wp\/v2\/categories?post=66556"},{"taxonomy":"post_tag","embeddable":true,"href":"https:\/\/portalcatolico.net\/portal\/wp-json\/wp\/v2\/tags?post=66556"}],"curies":[{"name":"wp","href":"https:\/\/api.w.org\/{rel}","templated":true}]}}