{"id":66554,"date":"2019-09-29T00:12:59","date_gmt":"2019-09-29T03:12:59","guid":{"rendered":"http:\/\/portalcatolico.net\/portal\/?p=66554"},"modified":"2019-09-27T21:14:11","modified_gmt":"2019-09-28T00:14:11","slug":"participe-do-triduo-e-festa-de-sao-francisco-em-itabuna","status":"publish","type":"post","link":"https:\/\/portalcatolico.net\/portal\/participe-do-triduo-e-festa-de-sao-francisco-em-itabuna\/","title":{"rendered":"Participe do Tr\u00edduo e Festa de S\u00e3o Francisco em Itabuna"},"content":{"rendered":"<p>A Comunidade de S\u00e3o Francisco de Assis convida voc\u00ea e sua fam\u00edlia para participarem do&nbsp; Tr\u00edduo e Festa de S\u00e3o Francisco na Comunidade que fica situada no bairro Banco Raso, em Itabuna (BA). A comunidade pertence \u00e0 par\u00f3quia Santa Rita de C\u00e1ssia em Itabuna.<br \/>\nO Tr\u00edduo come\u00e7a na ter\u00e7a-feira, 1\u00ba de outubro,&nbsp; e segue at\u00e9 o dia 04 de outubro.<br \/>\nO tema central do padroeiro do Banco Raso \u00e9: &#8220;S\u00e3o Francisco de Assis,&nbsp;mission\u00e1rio e profeta da esperan\u00e7a&#8221;.<\/p>\n<p>Confira a programa\u00e7\u00e3o:<br \/>\n<strong>1\u00aa Noite: 01\/10 ( Ter\u00e7a-feira -19h)<\/strong><br \/>\nSubtema: &#8220;S\u00e3o Francisco de Assis, an\u00fancio&nbsp; vivo da palavra de Deus&#8221;.<br \/>\nLiturgia: Legi\u00e3o de Maria<br \/>\nQuermesse: Pastoral da Catequese<br \/>\nOs convidados da noite: Comunidade Nossa Senhora de Lourdes, Pastoral da Comunica\u00e7\u00e3o (PASCOM),Coroinhas, Grupo Santo Ant\u00f4nio, Grupo Bom Viver, Loteamento Santa Tereza do Banco Raso, Pastora Familiar, Grupo S\u00e3o Lucas e MECE<br \/>\nOferta da noite: Caf\u00e9, A\u00e7\u00facar e Biscoito.<\/p>\n<p><strong>2\u00aa Noite: 02\/10 (Quarta-feira- 19h)<\/strong><br \/>\nSubtema: &#8220;S\u00e3o Francisco de Assis, profeta da esperan\u00e7a e do amor&#8221;.<br \/>\nLiturgia: Ordem Franciscana Secular &#8220;OFS&#8221; e Pastoral da Catequese<br \/>\nQuermesse: Equipe da Pastoral do Dizimo<br \/>\nOs convidados da noite: Comunidade Santa Luzia, MEFA, Ter\u00e7o dos Homens, BNH, Par\u00f3quia Nossa Senhora das Vit\u00f3rias, (bairro Jardim Vit\u00f3ria de Itabuna) Comerciantes, Pastoral do&nbsp; Batismo, EJC, RCC, Padre Pio e Pastoral da Catequese.<br \/>\nOferta da noite: Material de limpeza; (\u00c1gua Sanit\u00e1ria, desinfetante, Papel higi\u00eanico, s\u00e3o em p\u00f3 e Pinho Gel).<\/p>\n<p><strong>3\u00aa Noite: 03\/10 (Quinta-feira -19h)<\/strong><br \/>\nSubtema: &#8220;S\u00e3o Francisco de Assis, instrumento de paz e miseric\u00f3rdia&#8221;.<br \/>\nLiturgia: Equipe da Pastoral do D\u00edzimo.<br \/>\nQuermesse: Legi\u00e3o de Maria<br \/>\nOs convidados da noite: Comunidade S\u00e3o Paulo Apostolo, ECC, Apostolado da Ora\u00e7\u00e3o, ECC e Pastoral do Dizimo.<br \/>\nOferta da noite: Feij\u00e3o, Arroz, Macarr\u00e3o, \u00d3leo, Floc\u00e3o de Milho e Farinha de Mandioca<br \/>\n&nbsp;&nbsp;&nbsp;&nbsp;&nbsp;&nbsp;&nbsp;&nbsp;&nbsp;&nbsp;&nbsp;&nbsp;&nbsp;&nbsp;&nbsp;&nbsp;&nbsp;&nbsp;&nbsp;&nbsp;&nbsp;&nbsp;&nbsp;&nbsp;&nbsp;&nbsp;&nbsp;&nbsp;&nbsp;&nbsp;&nbsp;&nbsp;&nbsp;&nbsp;&nbsp;&nbsp;&nbsp;&nbsp;&nbsp;&nbsp;&nbsp;&nbsp;&nbsp;&nbsp;&nbsp;&nbsp;&nbsp;&nbsp;&nbsp;&nbsp;&nbsp;&nbsp;&nbsp;&nbsp;&nbsp;&nbsp;&nbsp;&nbsp;&nbsp;&nbsp;&nbsp;&nbsp;&nbsp;&nbsp;&nbsp;&nbsp;&nbsp;&nbsp;&nbsp;&nbsp;&nbsp;&nbsp;&nbsp;<br \/>\n<strong>Dia da festa<\/strong><\/p>\n<p>04\/10 (Sexta-Feira)<br \/>\nSubtema: &#8220;S\u00e3o Francisco de Assis, amor a natureza e aos pobres&#8221;.<br \/>\n06h -Alvorada- Repicar do sinos<br \/>\n09h-Ben\u00e7\u00e3o dos animais<br \/>\n18h-Prociss\u00e3o luminosa pelas&nbsp;ruas do&nbsp; bairro, missa solene e b\u00ean\u00e7\u00e3o com Sant\u00edssimo Sacramento.<br \/>\nRespons\u00e1veis pela liturgia: Equipe de liturgia da&nbsp; comunidade de S\u00e3o Francisco de&nbsp;Assis.<br \/>\nConvidados: Todos os grupos, pastorais, movimentos, comunidades e&nbsp; devotos de S\u00e3o Francisco Assis.<\/p>\n<p>Organiza\u00e7\u00e3o: Membros da Comunidade de S\u00e3o Francisco de Assis. Realiza\u00e7\u00e3o e organiza\u00e7\u00e3o: Par\u00f3quia Santa Rita de C\u00e1ssia (que tem como Padres, os Frades&nbsp; Menores Capuchinhos: O Pe. Frei Jos\u00e9 Genilton Castro (P\u00e1roco), Pe. o Frei Carlos In\u00e1cio e Frei Anailton Brito (vig\u00e1rio paroquial). Comunidade S\u00e3o Francisco de Assis<br \/>\nRua Santa Luzia, N\u00aa 52-Bairro Banco Raso\/BNH<\/p>\n","protected":false},"excerpt":{"rendered":"<p>A Comunidade de S\u00e3o Francisco de Assis convida voc\u00ea e sua fam\u00edlia para participarem do&nbsp; Tr\u00edduo e Festa de S\u00e3o Francisco na Comunidade que fica situada no bairro Banco Raso, em Itabuna (BA). A comunidade pertence \u00e0 par\u00f3quia Santa Rita de C\u00e1ssia em Itabuna. O Tr\u00edduo come\u00e7a na ter\u00e7a-feira, 1\u00ba de outubro,&nbsp; e segue at\u00e9&nbsp;<\/p>\n<p><a class=\"btn btn-style\" href=\"https:\/\/portalcatolico.net\/portal\/participe-do-triduo-e-festa-de-sao-francisco-em-itabuna\/\">Continue Reading<\/a><\/p>\n","protected":false},"author":2,"featured_media":36830,"comment_status":"open","ping_status":"open","sticky":false,"template":"","format":"standard","meta":{"footnotes":""},"categories":[1],"tags":[],"class_list":["post-66554","post","type-post","status-publish","format-standard","has-post-thumbnail","hentry","category-agenda"],"_links":{"self":[{"href":"https:\/\/portalcatolico.net\/portal\/wp-json\/wp\/v2\/posts\/66554","targetHints":{"allow":["GET"]}}],"collection":[{"href":"https:\/\/portalcatolico.net\/portal\/wp-json\/wp\/v2\/posts"}],"about":[{"href":"https:\/\/portalcatolico.net\/portal\/wp-json\/wp\/v2\/types\/post"}],"author":[{"embeddable":true,"href":"https:\/\/portalcatolico.net\/portal\/wp-json\/wp\/v2\/users\/2"}],"replies":[{"embeddable":true,"href":"https:\/\/portalcatolico.net\/portal\/wp-json\/wp\/v2\/comments?post=66554"}],"version-history":[{"count":1,"href":"https:\/\/portalcatolico.net\/portal\/wp-json\/wp\/v2\/posts\/66554\/revisions"}],"predecessor-version":[{"id":66555,"href":"https:\/\/portalcatolico.net\/portal\/wp-json\/wp\/v2\/posts\/66554\/revisions\/66555"}],"wp:featuredmedia":[{"embeddable":true,"href":"https:\/\/portalcatolico.net\/portal\/wp-json\/wp\/v2\/media\/36830"}],"wp:attachment":[{"href":"https:\/\/portalcatolico.net\/portal\/wp-json\/wp\/v2\/media?parent=66554"}],"wp:term":[{"taxonomy":"category","embeddable":true,"href":"https:\/\/portalcatolico.net\/portal\/wp-json\/wp\/v2\/categories?post=66554"},{"taxonomy":"post_tag","embeddable":true,"href":"https:\/\/portalcatolico.net\/portal\/wp-json\/wp\/v2\/tags?post=66554"}],"curies":[{"name":"wp","href":"https:\/\/api.w.org\/{rel}","templated":true}]}}