{"id":66443,"date":"2019-09-20T00:39:18","date_gmt":"2019-09-20T03:39:18","guid":{"rendered":"http:\/\/portalcatolico.net\/portal\/?p=66443"},"modified":"2019-09-18T20:39:59","modified_gmt":"2019-09-18T23:39:59","slug":"fieis-se-preparam-para-a-festa-da-canonizacao-de-irma-dulce-em-salvador","status":"publish","type":"post","link":"https:\/\/portalcatolico.net\/portal\/fieis-se-preparam-para-a-festa-da-canonizacao-de-irma-dulce-em-salvador\/","title":{"rendered":"Fieis se preparam para a Festa da Canoniza\u00e7\u00e3o de Irm\u00e3 Dulce em Salvador"},"content":{"rendered":"<p>Fieis de todo o Brasil e principalmente da Bahia j\u00e1 est\u00e3o se preparando para a Primeira Missa na Capital Baiana no dia 20 de outubro, que acontecer\u00e1 ap\u00f3s a canoniza\u00e7\u00e3o de Irm\u00e3 Dulce em Roma, na It\u00e1lia,&nbsp;&nbsp;no dia 13 do mesmo m\u00eas. A celebra\u00e7\u00e3o da primeira santa nascida no Brasil, vai ser em uma missa festiva no Est\u00e1dio da&nbsp; Arena Fonte Nova, em Salvador.<strong>(Informa\u00e7\u00f5es no cartaz<\/strong>)<\/p>\n<p>A expectativa dos organizadores \u00e9 de receber 55 mil fi\u00e9is na Arena Fonte Nova. A previs\u00e3o \u00e9 de que o evento&nbsp;comece \u00e0s 16h. A missa ser\u00e1&nbsp;celebrada por um n\u00fancio apost\u00f3lico, que \u00e9 o representante do Santo Padre,&nbsp;o Papa Francisco no Brasil.<br \/>\nCom um decreto autorizado pelo Papa Francisco, no m\u00eas de maio deste ano, reconhecendo um milagre atribu\u00eddo \u00e0 intercess\u00e3o de Irm\u00e3 Dulce, a beata ser\u00e1 proclamada santa em 13 de outubro.<br \/>\nA Irm\u00e3 Dulce dos Pobres, que ser\u00e1 canonizada ap\u00f3s 27 anos de sua morte,faleceu no dia 13 de mar\u00e7o de 1992, aos 77 anos.<br \/>\nNeste link voc\u00ea confere a hist\u00f3ria da beata Irm\u00e3 Dulce dos Pobres:<br \/>\n<a href=\"https:\/\/www.irmadulce.org.br\/portugues\/noticia\/religioso\/2019\/julho\/celebracoes-de-canonizacao-de-irma-dulce-serao-em-outubro-no-vaticano-e-em-salvador\" target=\"_blank\" rel=\"noopener noreferrer\">https:\/\/www.irmadulce.org.br\/portugues\/noticia\/religioso\/2019\/julho\/celebracoes-de-canonizacao-de-irma-dulce-serao-em-outubro-no-vaticano-e-em-salvador<\/a><\/p>\n<p>Por:Portal Cat\u00f3lico.Net<\/p>\n","protected":false},"excerpt":{"rendered":"<p>Fieis de todo o Brasil e principalmente da Bahia j\u00e1 est\u00e3o se preparando para a Primeira Missa na Capital Baiana no dia 20 de outubro, que acontecer\u00e1 ap\u00f3s a canoniza\u00e7\u00e3o de Irm\u00e3 Dulce em Roma, na It\u00e1lia,&nbsp;&nbsp;no dia 13 do mesmo m\u00eas. A celebra\u00e7\u00e3o da primeira santa nascida no Brasil, vai ser em uma missa&nbsp;<\/p>\n<p><a class=\"btn btn-style\" href=\"https:\/\/portalcatolico.net\/portal\/fieis-se-preparam-para-a-festa-da-canonizacao-de-irma-dulce-em-salvador\/\">Continue Reading<\/a><\/p>\n","protected":false},"author":2,"featured_media":66444,"comment_status":"open","ping_status":"open","sticky":false,"template":"","format":"standard","meta":{"footnotes":""},"categories":[1],"tags":[],"class_list":["post-66443","post","type-post","status-publish","format-standard","has-post-thumbnail","hentry","category-agenda"],"_links":{"self":[{"href":"https:\/\/portalcatolico.net\/portal\/wp-json\/wp\/v2\/posts\/66443","targetHints":{"allow":["GET"]}}],"collection":[{"href":"https:\/\/portalcatolico.net\/portal\/wp-json\/wp\/v2\/posts"}],"about":[{"href":"https:\/\/portalcatolico.net\/portal\/wp-json\/wp\/v2\/types\/post"}],"author":[{"embeddable":true,"href":"https:\/\/portalcatolico.net\/portal\/wp-json\/wp\/v2\/users\/2"}],"replies":[{"embeddable":true,"href":"https:\/\/portalcatolico.net\/portal\/wp-json\/wp\/v2\/comments?post=66443"}],"version-history":[{"count":1,"href":"https:\/\/portalcatolico.net\/portal\/wp-json\/wp\/v2\/posts\/66443\/revisions"}],"predecessor-version":[{"id":66445,"href":"https:\/\/portalcatolico.net\/portal\/wp-json\/wp\/v2\/posts\/66443\/revisions\/66445"}],"wp:featuredmedia":[{"embeddable":true,"href":"https:\/\/portalcatolico.net\/portal\/wp-json\/wp\/v2\/media\/66444"}],"wp:attachment":[{"href":"https:\/\/portalcatolico.net\/portal\/wp-json\/wp\/v2\/media?parent=66443"}],"wp:term":[{"taxonomy":"category","embeddable":true,"href":"https:\/\/portalcatolico.net\/portal\/wp-json\/wp\/v2\/categories?post=66443"},{"taxonomy":"post_tag","embeddable":true,"href":"https:\/\/portalcatolico.net\/portal\/wp-json\/wp\/v2\/tags?post=66443"}],"curies":[{"name":"wp","href":"https:\/\/api.w.org\/{rel}","templated":true}]}}