{"id":66435,"date":"2019-09-18T20:15:50","date_gmt":"2019-09-18T23:15:50","guid":{"rendered":"http:\/\/portalcatolico.net\/portal\/?p=66435"},"modified":"2019-09-18T20:15:50","modified_gmt":"2019-09-18T23:15:50","slug":"participe-do-triduo-de-nossa-senhora-de-la-salette-em-itabuna","status":"publish","type":"post","link":"https:\/\/portalcatolico.net\/portal\/participe-do-triduo-de-nossa-senhora-de-la-salette-em-itabuna\/","title":{"rendered":"Participe do Tr\u00edduo de Nossa Senhora de La Salette em Itabuna!"},"content":{"rendered":"<div dir=\"auto\">Para celebrar a festa de Nossa Senhora de La Salette na&nbsp; Par\u00f3quia Catedral&nbsp; de S\u00e3o Jos\u00e9, o Tr\u00edduo, de 16 a 18 de setembro, com Missa todas as noites&nbsp;\u00e0s 18h, na Matriz que fica na Rua&nbsp; Na\u00e7\u00f5es Unidas , no centro da cidade de Itabuna (BA).<\/div>\n<div dir=\"auto\">No dia dedicado \u00e0 M\u00e3e de Jesus sob o t\u00edtulo de La Salette, 19 de setembro, haver\u00e1 a&nbsp; celebrada da Santa&nbsp; Missa Festiva, \u00e1s 18h.<\/div>\n<div dir=\"auto\">Nesta quinta-feira, completa um ano de implanta\u00e7\u00e3o do Grupo das m\u00e3es oram pelos filhos, na Diocese de Itabuna(BA).<\/div>\n<div dir=\"auto\">Conhe\u00e7a esta a hist\u00f3ria&nbsp; no site oficial do&nbsp; movimento em todo o Brasil:<\/div>\n<div dir=\"auto\"><a href=\"http:\/\/www.maesqueorampelosfilhos.com\/historia\/\" target=\"_blank\" rel=\"noopener noreferrer\">http:\/\/www.maesqueorampelosfilhos.com\/historia\/<\/a><\/div>\n<div dir=\"auto\">No dia 19 de setembro de 1846, duas crian\u00e7as chamadas Maximino e Mel\u00e2nia pastoreavam rebanhos nos Alpes Franceses, em La Salette, na Fran\u00e7a, at\u00e9 que se depararam com a apari\u00e7\u00e3o de uma bela senhora que encontrava-se chorando, o que teria chamado mais a aten\u00e7\u00e3o dos pequenos.<\/div>\n<div dir=\"auto\">Foi ent\u00e3o que eles se aproximaram dela, que por sua vez, atrav\u00e9s de suas l\u00e1grimas de reconcilia\u00e7\u00e3o, transmitiu um pedido para que fosse posteriormente difundido aos demais: eram palavras de convers\u00e3o, de chamada de aten\u00e7\u00e3o e de amor e reconcilia\u00e7\u00e3o.<\/div>\n<div dir=\"auto\">&nbsp;<\/div>\n<div dir=\"auto\">Foto:Reprodu\u00e7\u00e3o\/Internet<\/div>\n","protected":false},"excerpt":{"rendered":"<p>Para celebrar a festa de Nossa Senhora de La Salette na&nbsp; Par\u00f3quia Catedral&nbsp; de S\u00e3o Jos\u00e9, o Tr\u00edduo, de 16 a 18 de setembro, com Missa todas as noites&nbsp;\u00e0s 18h, na Matriz que fica na Rua&nbsp; Na\u00e7\u00f5es Unidas , no centro da cidade de Itabuna (BA). No dia dedicado \u00e0 M\u00e3e de Jesus sob o&nbsp;<\/p>\n<p><a class=\"btn btn-style\" href=\"https:\/\/portalcatolico.net\/portal\/participe-do-triduo-de-nossa-senhora-de-la-salette-em-itabuna\/\">Continue Reading<\/a><\/p>\n","protected":false},"author":2,"featured_media":66436,"comment_status":"open","ping_status":"open","sticky":false,"template":"","format":"standard","meta":{"footnotes":""},"categories":[2],"tags":[],"class_list":["post-66435","post","type-post","status-publish","format-standard","has-post-thumbnail","hentry","category-eventos"],"_links":{"self":[{"href":"https:\/\/portalcatolico.net\/portal\/wp-json\/wp\/v2\/posts\/66435","targetHints":{"allow":["GET"]}}],"collection":[{"href":"https:\/\/portalcatolico.net\/portal\/wp-json\/wp\/v2\/posts"}],"about":[{"href":"https:\/\/portalcatolico.net\/portal\/wp-json\/wp\/v2\/types\/post"}],"author":[{"embeddable":true,"href":"https:\/\/portalcatolico.net\/portal\/wp-json\/wp\/v2\/users\/2"}],"replies":[{"embeddable":true,"href":"https:\/\/portalcatolico.net\/portal\/wp-json\/wp\/v2\/comments?post=66435"}],"version-history":[{"count":1,"href":"https:\/\/portalcatolico.net\/portal\/wp-json\/wp\/v2\/posts\/66435\/revisions"}],"predecessor-version":[{"id":66437,"href":"https:\/\/portalcatolico.net\/portal\/wp-json\/wp\/v2\/posts\/66435\/revisions\/66437"}],"wp:featuredmedia":[{"embeddable":true,"href":"https:\/\/portalcatolico.net\/portal\/wp-json\/wp\/v2\/media\/66436"}],"wp:attachment":[{"href":"https:\/\/portalcatolico.net\/portal\/wp-json\/wp\/v2\/media?parent=66435"}],"wp:term":[{"taxonomy":"category","embeddable":true,"href":"https:\/\/portalcatolico.net\/portal\/wp-json\/wp\/v2\/categories?post=66435"},{"taxonomy":"post_tag","embeddable":true,"href":"https:\/\/portalcatolico.net\/portal\/wp-json\/wp\/v2\/tags?post=66435"}],"curies":[{"name":"wp","href":"https:\/\/api.w.org\/{rel}","templated":true}]}}