{"id":66425,"date":"2019-09-17T20:45:19","date_gmt":"2019-09-17T23:45:19","guid":{"rendered":"http:\/\/portalcatolico.net\/portal\/?p=66425"},"modified":"2019-09-20T17:03:17","modified_gmt":"2019-09-20T20:03:17","slug":"palavra-do-pastor-dom-carlos-fala-sobre-o-mes-da-biblia","status":"publish","type":"post","link":"https:\/\/portalcatolico.net\/portal\/palavra-do-pastor-dom-carlos-fala-sobre-o-mes-da-biblia\/","title":{"rendered":"Palavra do Pastor: Dom Carlos fala sobre o M\u00eas da B\u00edblia!"},"content":{"rendered":"<p>Para marcar este m\u00eas, o Portal Cat\u00f3lico de Not\u00edcias&nbsp; compartilha uma entrevista especial sobre o M\u00eas da B\u00edblia, com dom Carlos Alberto dos Santos, bispo da Diocese de Itabuna, no sul da Bahia.<\/p>\n<p>Essa \u00e9 mais uma forma de vivenciar melhor a experi\u00eancia de contato com a Palavra de Deus.<\/p>\n<p>Segundo informa\u00e7\u00f5es do site oficial da CNBB, o m\u00eas de setembro se tornou refer\u00eancia para o estudo e a contempla\u00e7\u00e3o da Palavra de Deus, tornando-se&nbsp; em todo o Brasil, desde 1971, o M\u00eas da B\u00edblia. Desde o Conc\u00edlio Vaticano II, convocado em dezembro de 1961, pelo papa Jo\u00e3o XXIII, a B\u00edblia ocupou espa\u00e7o privilegiado na fam\u00edlia, nos c\u00edrculos b\u00edblicos, na catequese, nos grupos de reflex\u00e3o, nas comunidades eclesiais.<\/p>\n<p><strong>Confira a mensagem do nosso pastor referente ao M\u00eas da B\u00edblia:<\/strong><\/p>\n<p>&#8220;N\u00f3s estamos celebrando, atrav\u00e9s da Igreja, como nos pede, no m\u00eas de setembro, o M\u00eas da B\u00edblia. Nesse m\u00eas, os fomos convidados a estudarmos, a entrarmos em sintonia com a palavra de Deus, fazendo com que ela seja cada vez mais amada, querida, abra\u00e7ada e vivida.<\/p>\n<p>A Palavra de Deus \u00e9 luz para nossa vida, luz para nossa caminhada. \u00c9 ela que caminha no cora\u00e7\u00e3o do povo, fazendo com que se tornem caminho de salva\u00e7\u00e3o. Por isso, que Jesus disse: &#8216;Eu sou caminho, a verdade e a vida&#8217;. Essa palavra que \u00e9 caminho, essa palavra que \u00e9 verdade, essa palavra que \u00e9 a vida. Porque Jesus vem nos ensinar que atrav\u00e9s da revela\u00e7\u00e3o do Pai, que tudo \u00e0quilo que estiver em favor da vida, em favor do povo, \u00e9 para ser vivido por todos n\u00f3s. Ent\u00e3o, a B\u00edblia \u00e9 caminho que faz com que todos n\u00f3s tomemos consci\u00eancia do nosso caminho como crist\u00e3o, como amigo de Deus, vivendo e obedecendo os ensinamentos do pr\u00f3prio Deus.<\/p>\n<p>A Palavra de Deus \u00e9 a Palavra da salva\u00e7\u00e3o. Por isso mesmo que ela salva, orienta, conduz, nos mostra que estamos no caminho do pecado, mostra que estamos no caminho da liberta\u00e7\u00e3o, enfim. A partir do momento que n\u00f3s lermos e colocarmos em pr\u00e1tica, n\u00f3s seremos mensageiros do Senhor, mission\u00e1rios do Senhor. \u00c9 preciso deixar que a palavra penetre. \u00c9 preciso que se coloque a palavra em pr\u00e1tica.<\/p>\n<p>A Palavra de Deus na B\u00edblia est\u00e1 dividida em duas partes: Antigo Testamento (antes de Jesus chegar) e Novo Testamento. At\u00e9 a chegada de Jesus, n\u00f3s temos, quarenta e cinco livros&nbsp;&nbsp;e depois que Jesus chegou, n\u00f3s temos vinte e sete livros. O patrono da B\u00edblia e que veio transformar, foi S\u00e3o Jer\u00f4nimo, que \u00e9 o primeiro patrono da Igreja. E eu te pergunto: &#8216;Quanto tempo voc\u00ea l\u00ea a B\u00edblia? Como que voc\u00ea faz para que essa palavra se torne vida em suas vidas?&#8217; A decis\u00e3o \u00e9 sua! N\u00f3s temos a liberdade de escolher dando sim ou dando n\u00e3o para que a palavra se torne vida e vivida por todos n\u00f3s&#8221;.<\/p>\n<p>Foto:Acervo\/Portal Cat\u00f3lico.Net<\/p>\n","protected":false},"excerpt":{"rendered":"<p>Para marcar este m\u00eas, o Portal Cat\u00f3lico de Not\u00edcias&nbsp; compartilha uma entrevista especial sobre o M\u00eas da B\u00edblia, com dom Carlos Alberto dos Santos, bispo da Diocese de Itabuna, no sul da Bahia. Essa \u00e9 mais uma forma de vivenciar melhor a experi\u00eancia de contato com a Palavra de Deus. Segundo informa\u00e7\u00f5es do site oficial&nbsp;<\/p>\n<p><a class=\"btn btn-style\" href=\"https:\/\/portalcatolico.net\/portal\/palavra-do-pastor-dom-carlos-fala-sobre-o-mes-da-biblia\/\">Continue Reading<\/a><\/p>\n","protected":false},"author":2,"featured_media":66426,"comment_status":"open","ping_status":"open","sticky":false,"template":"","format":"standard","meta":{"footnotes":""},"categories":[72],"tags":[],"class_list":["post-66425","post","type-post","status-publish","format-standard","has-post-thumbnail","hentry","category-palavra-do-pastor"],"_links":{"self":[{"href":"https:\/\/portalcatolico.net\/portal\/wp-json\/wp\/v2\/posts\/66425","targetHints":{"allow":["GET"]}}],"collection":[{"href":"https:\/\/portalcatolico.net\/portal\/wp-json\/wp\/v2\/posts"}],"about":[{"href":"https:\/\/portalcatolico.net\/portal\/wp-json\/wp\/v2\/types\/post"}],"author":[{"embeddable":true,"href":"https:\/\/portalcatolico.net\/portal\/wp-json\/wp\/v2\/users\/2"}],"replies":[{"embeddable":true,"href":"https:\/\/portalcatolico.net\/portal\/wp-json\/wp\/v2\/comments?post=66425"}],"version-history":[{"count":4,"href":"https:\/\/portalcatolico.net\/portal\/wp-json\/wp\/v2\/posts\/66425\/revisions"}],"predecessor-version":[{"id":66461,"href":"https:\/\/portalcatolico.net\/portal\/wp-json\/wp\/v2\/posts\/66425\/revisions\/66461"}],"wp:featuredmedia":[{"embeddable":true,"href":"https:\/\/portalcatolico.net\/portal\/wp-json\/wp\/v2\/media\/66426"}],"wp:attachment":[{"href":"https:\/\/portalcatolico.net\/portal\/wp-json\/wp\/v2\/media?parent=66425"}],"wp:term":[{"taxonomy":"category","embeddable":true,"href":"https:\/\/portalcatolico.net\/portal\/wp-json\/wp\/v2\/categories?post=66425"},{"taxonomy":"post_tag","embeddable":true,"href":"https:\/\/portalcatolico.net\/portal\/wp-json\/wp\/v2\/tags?post=66425"}],"curies":[{"name":"wp","href":"https:\/\/api.w.org\/{rel}","templated":true}]}}