{"id":66319,"date":"2019-09-09T13:00:42","date_gmt":"2019-09-09T16:00:42","guid":{"rendered":"http:\/\/portalcatolico.net\/portal\/?p=66319"},"modified":"2019-09-11T13:01:01","modified_gmt":"2019-09-11T16:01:01","slug":"legiao-de-maria-celebra-98-anos-de-evangelizacao","status":"publish","type":"post","link":"https:\/\/portalcatolico.net\/portal\/legiao-de-maria-celebra-98-anos-de-evangelizacao\/","title":{"rendered":"Legi\u00e3o de Maria celebra 98 anos de evangeliza\u00e7\u00e3o"},"content":{"rendered":"<p>Para comemorar os 98 anos de evangeliza\u00e7\u00e3o no mundo, a Legi\u00e3o de Maria realizou no \u00faltimo s\u00e1bado, 07, uma s\u00e9rie de celebra\u00e7\u00f5es por todo o Brasil.<\/p>\n<table border=\"0\" align=\"center\">\n<tbody>\n<tr>\n<td><img loading=\"lazy\" decoding=\"async\" title=\"Legi\u00e3o de Maria celebra 98 anos de evangeliza\u00e7\u00e3o 1.jpg\" src=\"https:\/\/www.gaudiumpress.org\/resource\/view?id=168462&amp;size=2\" alt=\"Legi\u00e3o de Maria celebra 98 anos de evangeliza\u00e7\u00e3o 1.jpg\" width=\"500\" height=\"306\"><\/td>\n<\/tr>\n<\/tbody>\n<\/table>\n<p>Na Arquidiocese de Teresina, Piau\u00ed, centenas de fi\u00e9is participaram de uma Santa Missa presidida pelo Padre F\u00e1bio Fernandes na Par\u00f3quia Nossa Senhora de Lourdes.<\/p>\n<p>Em sua homilia o sacerdote falou sobre o papel de Nossa Senhora na hist\u00f3ria da salva\u00e7\u00e3o. &#8220;Sabem aquela hora da manh\u00e3 em que a gente n\u00e3o v\u00ea o sol, mas v\u00ea a luz e sabe que o sol est\u00e1 l\u00e1? \u00c9 como Maria! O sol \u00e9 Jesus, nosso salvador, e a aurora que avan\u00e7a em seu pren\u00fancio \u00e9 Maria, aquela que gerou e o educou como uma m\u00e3e dedicada e disc\u00edpula, como s\u00f3 ela, escolhida por Deus, poderia ser&#8221;, afirmou.<\/p>\n<table border=\"0\" align=\"center\">\n<tbody>\n<tr>\n<td><img loading=\"lazy\" decoding=\"async\" title=\"Legi\u00e3o de Maria celebra 98 anos de evangeliza\u00e7\u00e3o 3.jpg\" src=\"https:\/\/www.gaudiumpress.org\/resource\/view?id=168463&amp;size=2\" alt=\"Legi\u00e3o de Maria celebra 98 anos de evangeliza\u00e7\u00e3o 3.jpg\" width=\"500\" height=\"375\"><\/td>\n<\/tr>\n<\/tbody>\n<\/table>\n<p>Na Diocese de Assis, interior de S\u00e3o Paulo, as celebra\u00e7\u00f5es ocorreram no Santu\u00e1rio Nossa Senhora das Gra\u00e7as, atrav\u00e9s de uma Santa Missa presidida por Dom Argemiro de Azevedo, Bispo diocesano de Assis (SP) e concelebrada pelos Sacerdotes: Padre David, Padre Jonas, Padre Donizette, Padre Oldeir, Padre Cl\u00f3vis e Frei Haroldo.<\/p>\n<p>Participaram da celebra\u00e7\u00e3o por volta de 300 legion\u00e1rios da Prov\u00edncia de Botucatu, que compreende as Dioceses de Assis (SP), Mar\u00edlia (SP), Lins (SP), Presidente Prudente (SP), Bauru (SP), Ara\u00e7atuba (SP), Ourinhos (SP) e Arquidiocese de Botucatu (SP).<\/p>\n<p>Cada representante recebeu uma Imagem de Nossa Senhora das Gra\u00e7as que percorrer\u00e3o as Par\u00f3quias da Diocese at\u00e9 2021, ano em que o movimento completa 100 anos.<\/p>\n<table border=\"0\" align=\"center\">\n<tbody>\n<tr>\n<td><img loading=\"lazy\" decoding=\"async\" title=\"Legi\u00e3o de Maria celebra 98 anos de evangeliza\u00e7\u00e3o 2.jpg\" src=\"https:\/\/www.gaudiumpress.org\/resource\/view?id=168464&amp;size=2\" alt=\"Legi\u00e3o de Maria celebra 98 anos de evangeliza\u00e7\u00e3o 2.jpg\" width=\"500\" height=\"374\"><\/td>\n<\/tr>\n<\/tbody>\n<\/table>\n<p>J\u00e1 em Presidente Prudente (SP), a celebra\u00e7\u00e3o foi realizada no Santu\u00e1rio Diocesano Nossa Senhora Aparecida, na noite do domingo, 8, presidida pelo Padre Amaury Jos\u00e9 Domingues, assessor eclesi\u00e1stico do movimento.<\/p>\n<p><strong>Legi\u00e3o de Maria<\/strong><\/p>\n<p>A Legi\u00e3o de Maria \u00e9 um movimento de leigos que se prop\u00f5e a fazer da F\u00e9 a aspira\u00e7\u00e3o da vida para conseguir a santidade pessoal. Os legion\u00e1rios realizam trabalhos espirituais e de evangeliza\u00e7\u00e3o e se re\u00fanem semanalmente para rezar e trocar experi\u00eancias em torno das promessas de Nossa Senhora.<\/p>\n<p>Os membros ativos se comprometem a orar e fazer visitas domiciliares a idosos, doentes e fam\u00edlias enlutadas. Tamb\u00e9m podem ser realizadas visitas a hospitais, pres\u00eddios, orfanatos e asilos.<\/p>\n<table border=\"0\" align=\"center\">\n<tbody>\n<tr>\n<td><img loading=\"lazy\" decoding=\"async\" title=\"Legi\u00e3o de Maria celebra 98 anos de evangeliza\u00e7\u00e3o 4.jpg\" src=\"https:\/\/www.gaudiumpress.org\/resource\/view?id=168465&amp;size=2\" alt=\"Legi\u00e3o de Maria celebra 98 anos de evangeliza\u00e7\u00e3o 4.jpg\" width=\"500\" height=\"334\"><\/td>\n<\/tr>\n<\/tbody>\n<\/table>\n<p>Quem n\u00e3o puder frequentar as reuni\u00f5es nem realizar o trabalho de apostolado, pode contribuir como membro auxiliar, atrav\u00e9s de ora\u00e7\u00f5es e doa\u00e7\u00f5es para a obra de Nossa Senhora, por interm\u00e9dio dos legion\u00e1rios ativos. Al\u00e9m disso, a estrutura da Legi\u00e3o de Maria foi inspirada no ex\u00e9rcito romano e trata-se de um ex\u00e9rcito que busca a conquista do mundo para Cristo, atrav\u00e9s da recita\u00e7\u00e3o do Santo Ros\u00e1rio. (Gaudiumpress))<\/p>\n","protected":false},"excerpt":{"rendered":"<p>Para comemorar os 98 anos de evangeliza\u00e7\u00e3o no mundo, a Legi\u00e3o de Maria realizou no \u00faltimo s\u00e1bado, 07, uma s\u00e9rie de celebra\u00e7\u00f5es por todo o Brasil. Na Arquidiocese de Teresina, Piau\u00ed, centenas de fi\u00e9is participaram de uma Santa Missa presidida pelo Padre F\u00e1bio Fernandes na Par\u00f3quia Nossa Senhora de Lourdes. Em sua homilia o sacerdote&nbsp;<\/p>\n<p><a class=\"btn btn-style\" href=\"https:\/\/portalcatolico.net\/portal\/legiao-de-maria-celebra-98-anos-de-evangelizacao\/\">Continue Reading<\/a><\/p>\n","protected":false},"author":2,"featured_media":66320,"comment_status":"open","ping_status":"open","sticky":false,"template":"","format":"standard","meta":{"footnotes":""},"categories":[3],"tags":[],"class_list":["post-66319","post","type-post","status-publish","format-standard","has-post-thumbnail","hentry","category-noticias_regionais"],"_links":{"self":[{"href":"https:\/\/portalcatolico.net\/portal\/wp-json\/wp\/v2\/posts\/66319","targetHints":{"allow":["GET"]}}],"collection":[{"href":"https:\/\/portalcatolico.net\/portal\/wp-json\/wp\/v2\/posts"}],"about":[{"href":"https:\/\/portalcatolico.net\/portal\/wp-json\/wp\/v2\/types\/post"}],"author":[{"embeddable":true,"href":"https:\/\/portalcatolico.net\/portal\/wp-json\/wp\/v2\/users\/2"}],"replies":[{"embeddable":true,"href":"https:\/\/portalcatolico.net\/portal\/wp-json\/wp\/v2\/comments?post=66319"}],"version-history":[{"count":1,"href":"https:\/\/portalcatolico.net\/portal\/wp-json\/wp\/v2\/posts\/66319\/revisions"}],"predecessor-version":[{"id":66321,"href":"https:\/\/portalcatolico.net\/portal\/wp-json\/wp\/v2\/posts\/66319\/revisions\/66321"}],"wp:featuredmedia":[{"embeddable":true,"href":"https:\/\/portalcatolico.net\/portal\/wp-json\/wp\/v2\/media\/66320"}],"wp:attachment":[{"href":"https:\/\/portalcatolico.net\/portal\/wp-json\/wp\/v2\/media?parent=66319"}],"wp:term":[{"taxonomy":"category","embeddable":true,"href":"https:\/\/portalcatolico.net\/portal\/wp-json\/wp\/v2\/categories?post=66319"},{"taxonomy":"post_tag","embeddable":true,"href":"https:\/\/portalcatolico.net\/portal\/wp-json\/wp\/v2\/tags?post=66319"}],"curies":[{"name":"wp","href":"https:\/\/api.w.org\/{rel}","templated":true}]}}