{"id":66296,"date":"2019-09-09T21:48:58","date_gmt":"2019-09-10T00:48:58","guid":{"rendered":"http:\/\/portalcatolico.net\/portal\/?p=66296"},"modified":"2019-09-09T21:48:58","modified_gmt":"2019-09-10T00:48:58","slug":"papa-celebra-missa-em-mauricio-jovens-sao-a-primeira-missao-da-igreja","status":"publish","type":"post","link":"https:\/\/portalcatolico.net\/portal\/papa-celebra-missa-em-mauricio-jovens-sao-a-primeira-missao-da-igreja\/","title":{"rendered":"Papa celebra missa em Maur\u00edcio: jovens s\u00e3o a primeira miss\u00e3o da Igreja"},"content":{"rendered":"<div class=\"article__subTitle\">A missa em Maur\u00edcio foi celebrada no dia em que a Igreja recorda a mem\u00f3ria do Bem-aventurado Jacques-Desir\u00e9 Laval, conhecido como o \u201cap\u00f3stolo da unidade mauriciana\u201d.<\/div>\n<div>&nbsp;<\/div>\n<div>A 31\u00aa Viagem Apost\u00f3lica do Papa Francisco chegou nesta segunda-feira \u00e0 sua terceira e \u00faltima etapa: a visita \u00e0 capital de Maur\u00edcio, Porto Lu\u00eds.<\/div>\n<div class=\"title__separator\">\n<p>Depois de duas horas de voo partindo de Antananarivo, o Pont\u00edfice foi acolhido no aeroporto pelo primeiro-ministro, Pravind Kumar Jugnauth, e demais autoridades civis e eclesi\u00e1sticas. Depois da execu\u00e7\u00e3o dos hinos e do piquete de honra, o Papa se transferiu diretamente para o Monumento de Maria Rainha da Paz.<\/p>\n<p>O Monumento foi inaugurado em agosto de 1940, em agradecimento pela preserva\u00e7\u00e3o do pa\u00eds durante o primeiro conflito mundial. Constru\u00eddo em forma de ascendentes terra\u00e7os verdes, intercaladas por flores, o local domina a cidade. No alto, foi colocado um altar com uma imagem de Nossa Senhora em m\u00e1rmore de 3 metros de altura. A Virgem segura em suas m\u00e3os o globo terrestre e \u00e9 meta de peregrina\u00e7\u00f5es.<\/p>\n<p><strong>Evangeliza\u00e7\u00e3o n\u00e3o pode ser abstrata e ass\u00e9ptica<\/strong><\/p>\n<p>Com capacidade para 80 mil pessoas, no Monumento foi celebrada a missa no dia em que a Igreja recorda a mem\u00f3ria do Bem-aventurado Jacques-Desir\u00e9 Laval, conhecido como o \u201cap\u00f3stolo da unidade mauriciana\u201d.<\/p>\n<p>Em sua homilia, o Pont\u00edfice citou o amor por Cristo e pelos pobres como a marca distintiva da vida do beato franc\u00eas que morreu na ilha em 1864. Este mesmo amor protegeu o Laval da ilus\u00e3o de realizar uma evangeliza\u00e7\u00e3o \u201cabstrata e ass\u00e9ptica\u201d. Ele &#8220;sabia que evangelizar implica fazer-se tudo para todos: aprendeu a l\u00edngua dos escravos rec\u00e9m-libertados e anunciou-lhes de maneira simples a Boa Nova da salva\u00e7\u00e3o\u201d.<\/p>\n<p><strong>Dinamismo mission\u00e1rio<\/strong><\/p>\n<p>As pequenas comunidades criadas pelo beato est\u00e3o na origem das par\u00f3quias atuais e o seu dinamismo mission\u00e1rio, afirmou o Papa, deu \u00e0 Igreja mauriciana uma nova juventude.<\/p>\n<p>\u201c S\u00e3o precisamente os jovens que, pela sua vitalidade e dedica\u00e7\u00e3o, podem dar \u00e0 Igreja a beleza e o frescor pr\u00f3prios da juventude, quando desafiam a comunidade crist\u00e3 a renovar-se e nos convidam a partir para novos horizontes. \u201d<\/p>\n<p>Os jovens, prosseguiu Francisco, s\u00e3o a primeira miss\u00e3o da Igreja. Na ilha, n\u00e3o obstante o crescimento econ\u00f4mico, s\u00e3o eles os que mais sofrem com o desemprego e a falta de perspectivas.<\/p>\n<p>\u201cUm futuro incerto, que os descarta e obriga a conceber a sua vida \u00e0 margem da sociedade, deixando-os vulner\u00e1veis e quase sem pontos de refer\u00eancia perante as novas formas de escravid\u00e3o deste s\u00e9culo XXI.\u201d<\/p>\n<p><strong>Jovens, as prim\u00edcias da terra<\/strong><\/p>\n<p>Eis ent\u00e3o que a miss\u00e3o da Igreja \u00e9 convidar os jovens a encontrar a sua felicidade em Jesus.<\/p>\n<p>\u201c N\u00e3o deixemos que nos roubem o rosto jovem da Igreja e da sociedade! N\u00e3o permitamos aos mercadores de morte roubar as prim\u00edcias desta terra! \u201d<\/p>\n<p>Para viver o Evangelho, continuou, n\u00e3o podemos esperar que tudo seja favor\u00e1vel ao nosso redor, porque muitas vezes as ambi\u00e7\u00f5es do poder e os interesses mundanos jogam contra n\u00f3s.<br \/>\nMas \u00e9 justamente nesta situa\u00e7\u00e3o que a viv\u00eancia das bem-aventuran\u00e7as se torna ainda mais urgente.<\/p>\n<p>O que deve preocupar a Igreja n\u00e3o s\u00e3o os n\u00fameros, mas a car\u00eancia de homens e mulheres que queiram viver a felicidade pelos caminhos da santidade.<\/p>\n<p>\u201c Rezemos, queridos irm\u00e3os e irm\u00e3s, pelas nossas comunidades para que, dando testemunho da alegria da vida crist\u00e3, vejam florescer a voca\u00e7\u00e3o \u00e0 santidade nas diferentes formas de vida que o Esp\u00edrito nos prop\u00f5e. \u201d<\/p>\n<p>A Nossa Senhora, concluiu o Papa, \u201cpe\u00e7amos o dom da abertura ao Esp\u00edrito Santo, da alegria perseverante, a alegria que n\u00e3o se deixa abater nem retroceder, a alegria que sempre nos faz experimentar e afirmar que o Todo Poderoso faz maravilhas, santo \u00e9 o seu nome\u201d.<\/p>\n<p><strong>Papa sa\u00fada os detentos<\/strong><\/p>\n<p>Ao final da celebra\u00e7\u00e3o eucar\u00edstica, Francisco agradeceu ao cardeal Maurice Piat, \u00e0s autoridades, volunt\u00e1rios e fi\u00e9is que vieram de outras ilhas, como Seychelles e Comores, pela oportunidade de visitar Maur\u00edcio.<\/p>\n<p>Mas a sauda\u00e7\u00e3o especial do Papa foi reservada aos detentos que participaram do \u201cPercurso Alpha\u201d na pris\u00e3o. Eles escreveram e Francisco respondeu saudando-os e concedendo-lhes a sua b\u00ean\u00e7\u00e3o.<\/p>\n<p>Este projeto oferece aos prisioneiros a oportunidade de questionar o significado da vida e descobrir como a f\u00e9 crist\u00e3 pode refor\u00e7a-los na vida de todos os dias. Trata-se de um servi\u00e7o oferecido pela capelania carcer\u00e1ria.<\/p>\n<p>Por:Bianca Fraccalvieri\/Vatican News<\/p>\n<\/div>\n<div class=\"article__text\">&nbsp;<\/div>\n","protected":false},"excerpt":{"rendered":"<p>A missa em Maur\u00edcio foi celebrada no dia em que a Igreja recorda a mem\u00f3ria do Bem-aventurado Jacques-Desir\u00e9 Laval, conhecido como o \u201cap\u00f3stolo da unidade mauriciana\u201d. &nbsp; A 31\u00aa Viagem Apost\u00f3lica do Papa Francisco chegou nesta segunda-feira \u00e0 sua terceira e \u00faltima etapa: a visita \u00e0 capital de Maur\u00edcio, Porto Lu\u00eds. Depois de duas horas&nbsp;<\/p>\n<p><a class=\"btn btn-style\" href=\"https:\/\/portalcatolico.net\/portal\/papa-celebra-missa-em-mauricio-jovens-sao-a-primeira-missao-da-igreja\/\">Continue Reading<\/a><\/p>\n","protected":false},"author":2,"featured_media":66297,"comment_status":"open","ping_status":"open","sticky":false,"template":"","format":"standard","meta":{"footnotes":""},"categories":[5],"tags":[],"class_list":["post-66296","post","type-post","status-publish","format-standard","has-post-thumbnail","hentry","category-igreja_no_mundo"],"_links":{"self":[{"href":"https:\/\/portalcatolico.net\/portal\/wp-json\/wp\/v2\/posts\/66296","targetHints":{"allow":["GET"]}}],"collection":[{"href":"https:\/\/portalcatolico.net\/portal\/wp-json\/wp\/v2\/posts"}],"about":[{"href":"https:\/\/portalcatolico.net\/portal\/wp-json\/wp\/v2\/types\/post"}],"author":[{"embeddable":true,"href":"https:\/\/portalcatolico.net\/portal\/wp-json\/wp\/v2\/users\/2"}],"replies":[{"embeddable":true,"href":"https:\/\/portalcatolico.net\/portal\/wp-json\/wp\/v2\/comments?post=66296"}],"version-history":[{"count":1,"href":"https:\/\/portalcatolico.net\/portal\/wp-json\/wp\/v2\/posts\/66296\/revisions"}],"predecessor-version":[{"id":66298,"href":"https:\/\/portalcatolico.net\/portal\/wp-json\/wp\/v2\/posts\/66296\/revisions\/66298"}],"wp:featuredmedia":[{"embeddable":true,"href":"https:\/\/portalcatolico.net\/portal\/wp-json\/wp\/v2\/media\/66297"}],"wp:attachment":[{"href":"https:\/\/portalcatolico.net\/portal\/wp-json\/wp\/v2\/media?parent=66296"}],"wp:term":[{"taxonomy":"category","embeddable":true,"href":"https:\/\/portalcatolico.net\/portal\/wp-json\/wp\/v2\/categories?post=66296"},{"taxonomy":"post_tag","embeddable":true,"href":"https:\/\/portalcatolico.net\/portal\/wp-json\/wp\/v2\/tags?post=66296"}],"curies":[{"name":"wp","href":"https:\/\/api.w.org\/{rel}","templated":true}]}}