{"id":66293,"date":"2019-09-10T02:39:21","date_gmt":"2019-09-10T05:39:21","guid":{"rendered":"http:\/\/portalcatolico.net\/portal\/?p=66293"},"modified":"2019-09-09T21:39:46","modified_gmt":"2019-09-10T00:39:46","slug":"convite-celebracao-em-acao-de-gracas-pelo-aniversario-sacerdotal-do-pe-clayton-souza-oliveira","status":"publish","type":"post","link":"https:\/\/portalcatolico.net\/portal\/convite-celebracao-em-acao-de-gracas-pelo-aniversario-sacerdotal-do-pe-clayton-souza-oliveira\/","title":{"rendered":"Convite: Celebra\u00e7\u00e3o em A\u00e7\u00e3o de Gra\u00e7as pelo anivers\u00e1rio sacerdotal do Pe. Clayton Souza Oliveira"},"content":{"rendered":"<p>Paroquianos da Par\u00f3quia S\u00e3o Jos\u00e9 da cidade de Gandu (BA) convida todos os fieis para celebra\u00e7\u00e3o em A\u00e7\u00e3o de Gra\u00e7as pelo anivers\u00e1rio sacerdotal do Pe. Clayton Souza Oliveira, que h\u00e1 tr\u00eas&nbsp;anos se dedica ao&nbsp;Reino de Deus e aos os irm\u00e3os.<\/p>\n<p>A santa missa acontecer\u00e1 no pr\u00f3ximo&nbsp;domingo, dia 15 de setembro, \u00e0s 19h, na Igreja Matriz de S\u00e3o Jos\u00e9.<\/p>\n<p>A&nbsp;Par\u00f3quia S\u00e3o Jos\u00e9 comp\u00f5e a Diocese de Ilh\u00e9us, no litoral sul baiano.<\/p>\n<p>Participe desse momento especial!<\/p>\n<p>Por:Portal Cat\u00f3lico.Net<\/p>\n","protected":false},"excerpt":{"rendered":"<p>Paroquianos da Par\u00f3quia S\u00e3o Jos\u00e9 da cidade de Gandu (BA) convida todos os fieis para celebra\u00e7\u00e3o em A\u00e7\u00e3o de Gra\u00e7as pelo anivers\u00e1rio sacerdotal do Pe. Clayton Souza Oliveira, que h\u00e1 tr\u00eas&nbsp;anos se dedica ao&nbsp;Reino de Deus e aos os irm\u00e3os. A santa missa acontecer\u00e1 no pr\u00f3ximo&nbsp;domingo, dia 15 de setembro, \u00e0s 19h, na Igreja Matriz&nbsp;<\/p>\n<p><a class=\"btn btn-style\" href=\"https:\/\/portalcatolico.net\/portal\/convite-celebracao-em-acao-de-gracas-pelo-aniversario-sacerdotal-do-pe-clayton-souza-oliveira\/\">Continue Reading<\/a><\/p>\n","protected":false},"author":2,"featured_media":66294,"comment_status":"open","ping_status":"open","sticky":false,"template":"","format":"standard","meta":{"footnotes":""},"categories":[4],"tags":[],"class_list":["post-66293","post","type-post","status-publish","format-standard","has-post-thumbnail","hentry","category-destaques"],"_links":{"self":[{"href":"https:\/\/portalcatolico.net\/portal\/wp-json\/wp\/v2\/posts\/66293","targetHints":{"allow":["GET"]}}],"collection":[{"href":"https:\/\/portalcatolico.net\/portal\/wp-json\/wp\/v2\/posts"}],"about":[{"href":"https:\/\/portalcatolico.net\/portal\/wp-json\/wp\/v2\/types\/post"}],"author":[{"embeddable":true,"href":"https:\/\/portalcatolico.net\/portal\/wp-json\/wp\/v2\/users\/2"}],"replies":[{"embeddable":true,"href":"https:\/\/portalcatolico.net\/portal\/wp-json\/wp\/v2\/comments?post=66293"}],"version-history":[{"count":1,"href":"https:\/\/portalcatolico.net\/portal\/wp-json\/wp\/v2\/posts\/66293\/revisions"}],"predecessor-version":[{"id":66295,"href":"https:\/\/portalcatolico.net\/portal\/wp-json\/wp\/v2\/posts\/66293\/revisions\/66295"}],"wp:featuredmedia":[{"embeddable":true,"href":"https:\/\/portalcatolico.net\/portal\/wp-json\/wp\/v2\/media\/66294"}],"wp:attachment":[{"href":"https:\/\/portalcatolico.net\/portal\/wp-json\/wp\/v2\/media?parent=66293"}],"wp:term":[{"taxonomy":"category","embeddable":true,"href":"https:\/\/portalcatolico.net\/portal\/wp-json\/wp\/v2\/categories?post=66293"},{"taxonomy":"post_tag","embeddable":true,"href":"https:\/\/portalcatolico.net\/portal\/wp-json\/wp\/v2\/tags?post=66293"}],"curies":[{"name":"wp","href":"https:\/\/api.w.org\/{rel}","templated":true}]}}