{"id":66290,"date":"2019-09-09T11:50:05","date_gmt":"2019-09-09T14:50:05","guid":{"rendered":"http:\/\/portalcatolico.net\/portal\/?p=66290"},"modified":"2019-09-09T11:50:05","modified_gmt":"2019-09-09T14:50:05","slug":"ingressos-do-semear-2019-ja-estao-sendo-vendidos","status":"publish","type":"post","link":"https:\/\/portalcatolico.net\/portal\/ingressos-do-semear-2019-ja-estao-sendo-vendidos\/","title":{"rendered":"Ingressos do Semear 2019 j\u00e1 est\u00e3o sendo vendidos!"},"content":{"rendered":"<p>A Comunidade Rainha da Paz (Compaz) e a&nbsp;Diocese de Itabuna (BA), t\u00eam a alegria de convidar voc\u00ea, sua fam\u00edlia, seu grupo de ora\u00e7\u00e3o, pastorais e movimentos, para participarem do Semear 2019, que acontecer\u00e1 nos dias 14 e 15 de setembro, iniciando todos os dias sempre \u00e0s 8h, com o tema: &#8220;Eu dou a minha vida pelas minhas ovelhas&#8221;(Jo\u00e3o 10,11-17).<br \/>\nO Semear \u00e9 conhecido como o &#8220;Encontro do povo de Deus&#8221; e j\u00e1 est\u00e1 na sua 21\u00aa edi\u00e7\u00e3o.<\/p>\n<p>O evento vai acontecer no Col\u00e9gio S\u00e3o Jos\u00e9 da&nbsp;A\u00e7\u00e3o Fraternal de Itabuna &#8220;AFI&#8221;, situado na Avenida Am\u00e9lia Amado, no centro da cidade.<br \/>\nGaranta logo o seu passaporte para os dois dias, no valor de 15 reais. Os ingressos est\u00e3o sendo vendidos na Arte&nbsp;Cat\u00f3lica, na Catedral de S\u00e3o Jos\u00e9 e Cl\u00ednica Dermanutri.<\/p>\n<p>Os pregadores convidados especiais s\u00e3o: Alexnei Freitas (Presidente&nbsp;Arquidiocesano da RCC de Feira de Santana),&nbsp;Frederico Mastroangelo&nbsp;Sim\u00f5es Marques (Presidente do Conselho Estadual da RCC Bahia) e Eduardo&nbsp;Oliveira (Mission\u00e1rio da Comunidade Filhos de Jo\u00e3o Batista em Minas&nbsp;Gerais).<\/p>\n<p>Foto:Acervo\/Portal Cat\u00f3lico de 2018<\/p>\n<p>Texto:Portal Cat\u00f3lico.Net<\/p>\n","protected":false},"excerpt":{"rendered":"<p>A Comunidade Rainha da Paz (Compaz) e a&nbsp;Diocese de Itabuna (BA), t\u00eam a alegria de convidar voc\u00ea, sua fam\u00edlia, seu grupo de ora\u00e7\u00e3o, pastorais e movimentos, para participarem do Semear 2019, que acontecer\u00e1 nos dias 14 e 15 de setembro, iniciando todos os dias sempre \u00e0s 8h, com o tema: &#8220;Eu dou a minha vida&nbsp;<\/p>\n<p><a class=\"btn btn-style\" href=\"https:\/\/portalcatolico.net\/portal\/ingressos-do-semear-2019-ja-estao-sendo-vendidos\/\">Continue Reading<\/a><\/p>\n","protected":false},"author":2,"featured_media":66291,"comment_status":"open","ping_status":"open","sticky":false,"template":"","format":"standard","meta":{"footnotes":""},"categories":[3],"tags":[],"class_list":["post-66290","post","type-post","status-publish","format-standard","has-post-thumbnail","hentry","category-noticias_regionais"],"_links":{"self":[{"href":"https:\/\/portalcatolico.net\/portal\/wp-json\/wp\/v2\/posts\/66290","targetHints":{"allow":["GET"]}}],"collection":[{"href":"https:\/\/portalcatolico.net\/portal\/wp-json\/wp\/v2\/posts"}],"about":[{"href":"https:\/\/portalcatolico.net\/portal\/wp-json\/wp\/v2\/types\/post"}],"author":[{"embeddable":true,"href":"https:\/\/portalcatolico.net\/portal\/wp-json\/wp\/v2\/users\/2"}],"replies":[{"embeddable":true,"href":"https:\/\/portalcatolico.net\/portal\/wp-json\/wp\/v2\/comments?post=66290"}],"version-history":[{"count":1,"href":"https:\/\/portalcatolico.net\/portal\/wp-json\/wp\/v2\/posts\/66290\/revisions"}],"predecessor-version":[{"id":66292,"href":"https:\/\/portalcatolico.net\/portal\/wp-json\/wp\/v2\/posts\/66290\/revisions\/66292"}],"wp:featuredmedia":[{"embeddable":true,"href":"https:\/\/portalcatolico.net\/portal\/wp-json\/wp\/v2\/media\/66291"}],"wp:attachment":[{"href":"https:\/\/portalcatolico.net\/portal\/wp-json\/wp\/v2\/media?parent=66290"}],"wp:term":[{"taxonomy":"category","embeddable":true,"href":"https:\/\/portalcatolico.net\/portal\/wp-json\/wp\/v2\/categories?post=66290"},{"taxonomy":"post_tag","embeddable":true,"href":"https:\/\/portalcatolico.net\/portal\/wp-json\/wp\/v2\/tags?post=66290"}],"curies":[{"name":"wp","href":"https:\/\/api.w.org\/{rel}","templated":true}]}}