{"id":66286,"date":"2019-09-09T11:16:47","date_gmt":"2019-09-09T14:16:47","guid":{"rendered":"http:\/\/portalcatolico.net\/portal\/?p=66286"},"modified":"2019-09-09T11:36:43","modified_gmt":"2019-09-09T14:36:43","slug":"aviso-radio-web-fora-do-ar","status":"publish","type":"post","link":"https:\/\/portalcatolico.net\/portal\/aviso-radio-web-fora-do-ar\/","title":{"rendered":"Aviso: R\u00e1dio Web fora do ar!"},"content":{"rendered":"<p>A R\u00e1dio Web do Portal Cat\u00f3lico est\u00e1 temporariamente fora do ar&nbsp;&nbsp;por motivos t\u00e9cnicos. Um novo&nbsp;sistema est\u00e1 sendo implantado para melhor servir.<\/p>\n<p>O retorno da R\u00e1dio Web no site e nos aplicativos j\u00e1&nbsp;est\u00e1 sendo providenciado e logo estar\u00e1 novamente no ar.<\/p>\n<p>A equipe do Portal Cat\u00f3lico agradece aos&nbsp;in\u00fameros&nbsp;web ouvintes que acompanham a programa\u00e7\u00e3o em todos os lugares&nbsp; do planeta, seja do Brasil, da China, Portugal, Alemanha,&nbsp;entre outros pa\u00edses.<br \/>\nEm breve, estar\u00e1 de volta, no ar, o melhor da&nbsp;m\u00fasica cat\u00f3lica, al\u00e9m das transmiss\u00f5es das missas.<\/p>\n<p>Segue o link da nova Web R\u00e1dio para voc\u00ea baixar em seu&nbsp;celular e computador:<br \/>\n<a href=\"https:\/\/player.livemus.com.br\/player-live-2\/27724\/000000\" target=\"_blank\" rel=\"noopener noreferrer\">https:\/\/player.livemus.com.br\/player-live-2\/27724\/000000<\/a><\/p>\n","protected":false},"excerpt":{"rendered":"<p>A R\u00e1dio Web do Portal Cat\u00f3lico est\u00e1 temporariamente fora do ar&nbsp;&nbsp;por motivos t\u00e9cnicos. Um novo&nbsp;sistema est\u00e1 sendo implantado para melhor servir. O retorno da R\u00e1dio Web no site e nos aplicativos j\u00e1&nbsp;est\u00e1 sendo providenciado e logo estar\u00e1 novamente no ar. A equipe do Portal Cat\u00f3lico agradece aos&nbsp;in\u00fameros&nbsp;web ouvintes que acompanham a programa\u00e7\u00e3o em todos os&nbsp;<\/p>\n<p><a class=\"btn btn-style\" href=\"https:\/\/portalcatolico.net\/portal\/aviso-radio-web-fora-do-ar\/\">Continue Reading<\/a><\/p>\n","protected":false},"author":2,"featured_media":66289,"comment_status":"open","ping_status":"open","sticky":false,"template":"","format":"standard","meta":{"footnotes":""},"categories":[4],"tags":[],"class_list":["post-66286","post","type-post","status-publish","format-standard","has-post-thumbnail","hentry","category-destaques"],"_links":{"self":[{"href":"https:\/\/portalcatolico.net\/portal\/wp-json\/wp\/v2\/posts\/66286","targetHints":{"allow":["GET"]}}],"collection":[{"href":"https:\/\/portalcatolico.net\/portal\/wp-json\/wp\/v2\/posts"}],"about":[{"href":"https:\/\/portalcatolico.net\/portal\/wp-json\/wp\/v2\/types\/post"}],"author":[{"embeddable":true,"href":"https:\/\/portalcatolico.net\/portal\/wp-json\/wp\/v2\/users\/2"}],"replies":[{"embeddable":true,"href":"https:\/\/portalcatolico.net\/portal\/wp-json\/wp\/v2\/comments?post=66286"}],"version-history":[{"count":1,"href":"https:\/\/portalcatolico.net\/portal\/wp-json\/wp\/v2\/posts\/66286\/revisions"}],"predecessor-version":[{"id":66287,"href":"https:\/\/portalcatolico.net\/portal\/wp-json\/wp\/v2\/posts\/66286\/revisions\/66287"}],"wp:featuredmedia":[{"embeddable":true,"href":"https:\/\/portalcatolico.net\/portal\/wp-json\/wp\/v2\/media\/66289"}],"wp:attachment":[{"href":"https:\/\/portalcatolico.net\/portal\/wp-json\/wp\/v2\/media?parent=66286"}],"wp:term":[{"taxonomy":"category","embeddable":true,"href":"https:\/\/portalcatolico.net\/portal\/wp-json\/wp\/v2\/categories?post=66286"},{"taxonomy":"post_tag","embeddable":true,"href":"https:\/\/portalcatolico.net\/portal\/wp-json\/wp\/v2\/tags?post=66286"}],"curies":[{"name":"wp","href":"https:\/\/api.w.org\/{rel}","templated":true}]}}