{"id":66281,"date":"2019-09-08T22:12:16","date_gmt":"2019-09-09T01:12:16","guid":{"rendered":"http:\/\/portalcatolico.net\/portal\/?p=66281"},"modified":"2019-09-09T11:14:05","modified_gmt":"2019-09-09T14:14:05","slug":"novenario-celebra-nossa-senhora-da-piedade-em-itabuna","status":"publish","type":"post","link":"https:\/\/portalcatolico.net\/portal\/novenario-celebra-nossa-senhora-da-piedade-em-itabuna\/","title":{"rendered":"Noven\u00e1rio celebra Nossa Senhora da Piedade em Itabuna"},"content":{"rendered":"<p>Come\u00e7ou na&nbsp; \u00faltima sexta-feira (06), o noven\u00e1rio&nbsp;em prepara\u00e7\u00e3o&nbsp;para a festa de Nossa Senhora da Piedade, situada no&nbsp;bairro Maria Pinheiro na cidade e diocese de Itabuna, no sul da Bahia.<br \/>\nOs preparativos seguem todas as noites at\u00e9 o dia&nbsp; 14 de setembro.<\/p>\n<p>O dia 15 ser\u00e1 um dia festivo, com uma programa\u00e7\u00e3o muito especial. Ser\u00e3o 10&nbsp; dias de momentos \u00fanicos&nbsp;para o avivamento de f\u00e9, com missa, santo ter\u00e7o mariano, prociss\u00e3o,entre outros momentos de&nbsp;evangeliza\u00e7\u00e3o.<br \/>\nVale ressaltar que ap\u00f3s a celebra\u00e7\u00e3o eucar\u00edstica ter\u00e1 quermesse com vendas de alimentos variados, al\u00e9m de brech\u00f3.<br \/>\nO tema central da festa \u00e9: &#8220;Que nenhuma fam\u00edlia comece em qualquer derepente, para que nenhuma fam\u00edlia termine por falta de amor&#8221;.<br \/>\nA programa\u00e7\u00e3o da 2\u00aa noite foi realizada neste s\u00e1bado, 07 de setembro.<br \/>\n\u00c0s 18h30 teve o Santo Ter\u00e7o Mariano. \u00c0s 19h, teve a celebra\u00e7\u00e3o da santa eucaristia que foi presidida pelo p\u00e1roco da Par\u00f3quia&nbsp;Santa Maria Goretti, o&nbsp; Pe. Adilson Santana do Carmo que refletiu o subtema da noite: &#8220;Que ningu\u00e9m interfira no lar e na vida dos dois&#8221;. Na homilia, ele disse: &#8220;Refletir sobre a fam\u00edlia \u00e9 um tema muito importante para nossa caminhada crist\u00e3. Devemos amar a nossa fam\u00edlia. \u00c9 verdade, que nem sempre temos a fam\u00edlia que n\u00f3s gostar\u00edamos de ter, mas foi Deus que nos colocou naquela fam\u00edlia. Na verdade, n\u00e3o existe fam\u00edlia perfeita. Toda fam\u00edlia passa pela sua dificuldade, portanto, \u00e9 fun\u00e7\u00e3o nossa, \u00e9 miss\u00e3o nossa, lutar incansavelmente para que, enquanto fam\u00edlia, possamos alcan\u00e7ar a perfei\u00e7\u00e3o que est\u00e1 plenamente em Deus&#8221;.<br \/>\nOs Noiteiros foram a Comunidade S\u00e3o Sebasti\u00e3o e JCC.&nbsp;Os&nbsp;Convidados foram a Par\u00f3quia Santa Maria Goretti; Novas Comunidades: MEFA,&nbsp;Comunidade de Alian\u00e7a Santa Cecilia (CASC), Comunidade Rainha da Paz&nbsp;(COMPAZ), Comunidade&nbsp; Cat\u00f3lica Filhos de Israel (CAFI). E os Movimentos: Ter\u00e7o dos Homens da Forania Centro.<\/p>\n<p>Confira em nossa p\u00e1gina oficial no Facebook, o \u00e1lbum de fotos do evento:&nbsp;<br \/>\n<a href=\"http:\/\/www.facebook.com\/portalcatolicooficial\">www.facebook.com\/portalcatolicooficial<\/a><\/p>\n<p>Clique <a href=\"http:\/\/portalcatolico.net\/portal\/veja-a-programacao-do-novenario-de-nossa-senhora-da-pidade\/\"><strong>AQUI<\/strong><\/a> e confira a programa\u00e7\u00e3o completa<\/p>\n","protected":false},"excerpt":{"rendered":"<p>Come\u00e7ou na&nbsp; \u00faltima sexta-feira (06), o noven\u00e1rio&nbsp;em prepara\u00e7\u00e3o&nbsp;para a festa de Nossa Senhora da Piedade, situada no&nbsp;bairro Maria Pinheiro na cidade e diocese de Itabuna, no sul da Bahia. Os preparativos seguem todas as noites at\u00e9 o dia&nbsp; 14 de setembro. O dia 15 ser\u00e1 um dia festivo, com uma programa\u00e7\u00e3o muito especial. Ser\u00e3o 10&nbsp;&nbsp;<\/p>\n<p><a class=\"btn btn-style\" href=\"https:\/\/portalcatolico.net\/portal\/novenario-celebra-nossa-senhora-da-piedade-em-itabuna\/\">Continue Reading<\/a><\/p>\n","protected":false},"author":2,"featured_media":66282,"comment_status":"open","ping_status":"open","sticky":false,"template":"","format":"standard","meta":{"footnotes":""},"categories":[68],"tags":[],"class_list":["post-66281","post","type-post","status-publish","format-standard","has-post-thumbnail","hentry","category-homilias"],"_links":{"self":[{"href":"https:\/\/portalcatolico.net\/portal\/wp-json\/wp\/v2\/posts\/66281","targetHints":{"allow":["GET"]}}],"collection":[{"href":"https:\/\/portalcatolico.net\/portal\/wp-json\/wp\/v2\/posts"}],"about":[{"href":"https:\/\/portalcatolico.net\/portal\/wp-json\/wp\/v2\/types\/post"}],"author":[{"embeddable":true,"href":"https:\/\/portalcatolico.net\/portal\/wp-json\/wp\/v2\/users\/2"}],"replies":[{"embeddable":true,"href":"https:\/\/portalcatolico.net\/portal\/wp-json\/wp\/v2\/comments?post=66281"}],"version-history":[{"count":3,"href":"https:\/\/portalcatolico.net\/portal\/wp-json\/wp\/v2\/posts\/66281\/revisions"}],"predecessor-version":[{"id":66285,"href":"https:\/\/portalcatolico.net\/portal\/wp-json\/wp\/v2\/posts\/66281\/revisions\/66285"}],"wp:featuredmedia":[{"embeddable":true,"href":"https:\/\/portalcatolico.net\/portal\/wp-json\/wp\/v2\/media\/66282"}],"wp:attachment":[{"href":"https:\/\/portalcatolico.net\/portal\/wp-json\/wp\/v2\/media?parent=66281"}],"wp:term":[{"taxonomy":"category","embeddable":true,"href":"https:\/\/portalcatolico.net\/portal\/wp-json\/wp\/v2\/categories?post=66281"},{"taxonomy":"post_tag","embeddable":true,"href":"https:\/\/portalcatolico.net\/portal\/wp-json\/wp\/v2\/tags?post=66281"}],"curies":[{"name":"wp","href":"https:\/\/api.w.org\/{rel}","templated":true}]}}