{"id":66276,"date":"2019-09-08T16:47:34","date_gmt":"2019-09-08T19:47:34","guid":{"rendered":"http:\/\/portalcatolico.net\/portal\/?p=66276"},"modified":"2019-09-08T16:52:31","modified_gmt":"2019-09-08T19:52:31","slug":"dom-jose-edson-celebra-aniversario-episcopal","status":"publish","type":"post","link":"https:\/\/portalcatolico.net\/portal\/dom-jose-edson-celebra-aniversario-episcopal\/","title":{"rendered":"Dom Jos\u00e9 Edson celebra anivers\u00e1rio episcopal"},"content":{"rendered":"<div dir=\"auto\">\n<div dir=\"auto\">Hoje, 08\/09, Dom Jos\u00e9 Edson Santana Oliveira, Bispo Diocesano de Eun\u00e1polis e Fundador do Instituto Mission\u00e1rio Servos do Senhor, celebra 23 anos de vida episcopal.<\/div>\n<\/div>\n<div dir=\"auto\">\n<p>Dom Jos\u00e9 Edson \u00e9 natural de Duas Serras \u2013 BA, nasceu em 03 de novembro de 1952. Foi ordenado presb\u00edtero em 18 de janeiro de 1978 e Sagrado Bispo em 08 de setembro de 1996, tomando posse como primeiro Bispo Diocesano Eun\u00e1polis \u2013 BA em 12 de outubro do mesmo ano.<\/p>\n<\/div>\n<div dir=\"auto\">\n<p>Como padre, fundou, em 1986, o Instituto Mission\u00e1rio Servas do Senhor. E em 08 de setembro de 2005, funda o Instituto Mission\u00e1rio Servos do Senhor, que hoje, celebra 14 anos.<\/p>\n<\/div>\n<div dir=\"auto\">\n<p>Dom Jos\u00e9 \u00e9 o bispo referencial da Pastoral dos N\u00f4mades, na CNBB \u2013 Confer\u00eancia Nacional dos Bispos do Brasil. No Regional NE 3 (Nordeste 3) \u00e9 presidente do sub-regional 4 da CNBB; Tamb\u00e9m \u00e9 o bispo respons\u00e1vel pelo Encontro de Casais com Cristo (ECC) e o bispo referencial da Pastoral da Crian\u00e7a.<\/p>\n<\/div>\n<div dir=\"auto\">Informa\u00e7\u00f5es:&nbsp;<a href=\"http:\/\/imss.com.br\/fundador\/\" target=\"_blank\" rel=\"noopener noreferrer\">http:\/\/imss.com.br<\/a><\/div>\n<div dir=\"auto\">&nbsp;<\/div>\n<div dir=\"auto\">Foto:Reprodu\u00e7\u00e3o\/Internet<\/div>\n<div dir=\"auto\">&nbsp;<\/div>\n<div dir=\"auto\">Por Portal Cat\u00f3lico.Net<\/div>\n","protected":false},"excerpt":{"rendered":"<p>Hoje, 08\/09, Dom Jos\u00e9 Edson Santana Oliveira, Bispo Diocesano de Eun\u00e1polis e Fundador do Instituto Mission\u00e1rio Servos do Senhor, celebra 23 anos de vida episcopal. Dom Jos\u00e9 Edson \u00e9 natural de Duas Serras \u2013 BA, nasceu em 03 de novembro de 1952. Foi ordenado presb\u00edtero em 18 de janeiro de 1978 e Sagrado Bispo em&nbsp;<\/p>\n<p><a class=\"btn btn-style\" href=\"https:\/\/portalcatolico.net\/portal\/dom-jose-edson-celebra-aniversario-episcopal\/\">Continue Reading<\/a><\/p>\n","protected":false},"author":2,"featured_media":66279,"comment_status":"open","ping_status":"open","sticky":false,"template":"","format":"standard","meta":{"footnotes":""},"categories":[4],"tags":[],"class_list":["post-66276","post","type-post","status-publish","format-standard","has-post-thumbnail","hentry","category-destaques"],"_links":{"self":[{"href":"https:\/\/portalcatolico.net\/portal\/wp-json\/wp\/v2\/posts\/66276","targetHints":{"allow":["GET"]}}],"collection":[{"href":"https:\/\/portalcatolico.net\/portal\/wp-json\/wp\/v2\/posts"}],"about":[{"href":"https:\/\/portalcatolico.net\/portal\/wp-json\/wp\/v2\/types\/post"}],"author":[{"embeddable":true,"href":"https:\/\/portalcatolico.net\/portal\/wp-json\/wp\/v2\/users\/2"}],"replies":[{"embeddable":true,"href":"https:\/\/portalcatolico.net\/portal\/wp-json\/wp\/v2\/comments?post=66276"}],"version-history":[{"count":3,"href":"https:\/\/portalcatolico.net\/portal\/wp-json\/wp\/v2\/posts\/66276\/revisions"}],"predecessor-version":[{"id":66280,"href":"https:\/\/portalcatolico.net\/portal\/wp-json\/wp\/v2\/posts\/66276\/revisions\/66280"}],"wp:featuredmedia":[{"embeddable":true,"href":"https:\/\/portalcatolico.net\/portal\/wp-json\/wp\/v2\/media\/66279"}],"wp:attachment":[{"href":"https:\/\/portalcatolico.net\/portal\/wp-json\/wp\/v2\/media?parent=66276"}],"wp:term":[{"taxonomy":"category","embeddable":true,"href":"https:\/\/portalcatolico.net\/portal\/wp-json\/wp\/v2\/categories?post=66276"},{"taxonomy":"post_tag","embeddable":true,"href":"https:\/\/portalcatolico.net\/portal\/wp-json\/wp\/v2\/tags?post=66276"}],"curies":[{"name":"wp","href":"https:\/\/api.w.org\/{rel}","templated":true}]}}