{"id":66272,"date":"2019-09-08T13:44:47","date_gmt":"2019-09-08T16:44:47","guid":{"rendered":"http:\/\/portalcatolico.net\/portal\/?p=66272"},"modified":"2019-09-08T13:45:19","modified_gmt":"2019-09-08T16:45:19","slug":"papa-seguir-os-passos-de-jesus-para-saborear-a-alegria-da-vida-nova","status":"publish","type":"post","link":"https:\/\/portalcatolico.net\/portal\/papa-seguir-os-passos-de-jesus-para-saborear-a-alegria-da-vida-nova\/","title":{"rendered":"Papa: seguir os passos de Jesus para saborear a alegria da vida nova"},"content":{"rendered":"<div class=\"article__subTitle\">\u201cA nossa vida e as nossas capacidades, mais do que conquista pessoal, s\u00e3o fruto de um dom\u201d recordou o Papa na homilia Missa no Campo diocesano de Soamandrakizay de Anatananarivo. Milhares de fi\u00e9is acompanharam o primeiro compromisso do Pont\u00edfice neste domingo (08) em Madagascar<\/div>\n<div>&nbsp;<\/div>\n<div class=\"article__subTitle\">Por Jane Nogara\/Vatican News<\/div>\n<div>&nbsp;<\/div>\n<div class=\"title__separator\">\n<p>Na homilia da missa no Campo diocesano de Soamandrakizay, que foi o primeiro compromisso do Papa no seu terceiro dia em Madagascar, o Santo Padre comentou o Evangelho de Lucas com as palavras \u201cseguiam com [Jesus] grandes multid\u00f5es\u201d. O Papa Francisco recordou que \u201cn\u00e3o \u00e9 f\u00e1cil seguir os passos de Jesus\u201d e especificou as exig\u00eancias deste compromisso:&#8221;Qualquer ren\u00fancia crist\u00e3 s\u00f3 tem sentido \u00e0 luz da alegria e da festa do encontro com Jesus Cristo\u201d antes de comentar as exig\u00eancias:<\/p>\n<p>\u201c A primeira exig\u00eancia convida-nos a verificar as nossas rela\u00e7\u00f5es familiares \u201d<\/p>\n<p>explicando que o Reino do C\u00e9u n\u00e3o tem acesso reduzido ou limitado, isso pode levar \u201c\u00e0 cultura dos privil\u00e9gios e da exclus\u00e3o: favoritismos, clientelismos e, consequentemente, corrup\u00e7\u00e3o\u201d.<\/p>\n<p>\u201c A segunda exig\u00eancia mostra-nos a dificuldade de seguir o Senhor, quando se pretende identificar o Reino dos C\u00e9us com os pr\u00f3prios interesses pessoais \u201d<\/p>\n<p>acrescentando &#8220;ou com o fasc\u00ednio de uma ideologia qualquer que acaba por instrumentalizar o nome de Deus ou a religi\u00e3o para justificar atos de viol\u00eancia, a segrega\u00e7\u00e3o e at\u00e9 o homic\u00eddio, o ex\u00edlio, o terrorismo e a marginaliza\u00e7\u00e3o\u201d.<\/p>\n<p>E sobre a \u00faltima exig\u00eancia para seguir Jesus o Papa afirma:<\/p>\n<p>\u201c Como pode ser dif\u00edcil partilhar a vida nova que o Senhor nos oferece, quando nos sentimos continuamente impelidos a buscar a justifica\u00e7\u00e3o em n\u00f3s mesmos, crendo que tudo provenha exclusivamente das nossas for\u00e7as e daquilo que possu\u00edmos! \u201d<\/p>\n<p>Uma advert\u00eancia e um convite \u201cpara recuperar a mem\u00f3ria agradecida e tomar consci\u00eancia de que a nossa vida e as nossas capacidades, mais do que conquista pessoal, s\u00e3o fruto de um dom\u201d.<\/p>\n<p>\u201cCom estas exig\u00eancias, o Senhor quer preparar os seus disc\u00edpulos para a festa da irrup\u00e7\u00e3o do Reino de Deus\u201d, disse Francisco reiterando a import\u00e2ncia de nos livrarmos da pior das escravid\u00f5es que \u00e9: \u201cviver para si mesmos\u201d onde \u201cos pobres j\u00e1 n\u00e3o entram, deixa-se de ouvir a voz de Deus, n\u00e3o mais se rejubila com doce alegria do seu amor, perde-se o entusiasmo de fazer o bem\u201d.<\/p>\n<p>Em seguida o Papa explica:<\/p>\n<p>\u201c No caminho de Jerusal\u00e9m o Senhor, com estas exig\u00eancias, convida-nos a elevar o olhar, ajustar as prioridades e sobretudo criar espa\u00e7os para que Deus seja o centro e o fulcro da nossa vida \u201d<\/p>\n<p>Devemos deixar triunfar \u201co esp\u00edrito de fraternidade (\u2026) para que cada qual possa sentir-se amado, porque compreendido, aceito e valorizado na sua dignidade\u201d.<\/p>\n<p>\u201cA Palavra de Deus, que ouvimos, convida-nos a retomar o caminho, ousando dar este salto qualitativo e adotar esta sabedoria do desapego pessoal como base para a justi\u00e7a e a vida de cada um de n\u00f3s\u201d insistiu o Papa ao falar sobre a fraternidade.<\/p>\n<p>Por fim Francisco afirma: \u201cAs exig\u00eancias que Jesus indica deixam de ser gravosas quando come\u00e7amos a saborear a alegria da vida nova que Ele mesmo nos prop\u00f5e\u201d.<\/p>\n<p>Depois da Santa Missa o Papa Francisco rezou a ora\u00e7\u00e3o do Angelus ainda no altar do Campo diocesano de Soamandrakizai. Nas sauda\u00e7\u00f5es agradeceu &#8220;de cora\u00e7\u00e3o&#8221; a todos os presentes, aos bispos e consagrados e ao Presidente da Rep\u00fablica. Na sauda\u00e7\u00e3o foram recordados os beatos Rafael Luis Rafiringa, &#8220;cujas rel\u00edquias est\u00e3o expostas aqui no altar&#8221;, e a Beata Vit\u00f3ria Rasoamanarivo para que o povo seja aben\u00e7oado com a intercess\u00e3o dos mesmos.&nbsp;<\/p>\n<\/div>\n<div class=\"article__text\">\n<p>&nbsp;<\/p>\n<\/div>\n","protected":false},"excerpt":{"rendered":"<p>\u201cA nossa vida e as nossas capacidades, mais do que conquista pessoal, s\u00e3o fruto de um dom\u201d recordou o Papa na homilia Missa no Campo diocesano de Soamandrakizay de Anatananarivo. Milhares de fi\u00e9is acompanharam o primeiro compromisso do Pont\u00edfice neste domingo (08) em Madagascar &nbsp; Por Jane Nogara\/Vatican News &nbsp; Na homilia da missa no&nbsp;<\/p>\n<p><a class=\"btn btn-style\" href=\"https:\/\/portalcatolico.net\/portal\/papa-seguir-os-passos-de-jesus-para-saborear-a-alegria-da-vida-nova\/\">Continue Reading<\/a><\/p>\n","protected":false},"author":2,"featured_media":66273,"comment_status":"open","ping_status":"open","sticky":false,"template":"","format":"standard","meta":{"footnotes":""},"categories":[5],"tags":[],"class_list":["post-66272","post","type-post","status-publish","format-standard","has-post-thumbnail","hentry","category-igreja_no_mundo"],"_links":{"self":[{"href":"https:\/\/portalcatolico.net\/portal\/wp-json\/wp\/v2\/posts\/66272","targetHints":{"allow":["GET"]}}],"collection":[{"href":"https:\/\/portalcatolico.net\/portal\/wp-json\/wp\/v2\/posts"}],"about":[{"href":"https:\/\/portalcatolico.net\/portal\/wp-json\/wp\/v2\/types\/post"}],"author":[{"embeddable":true,"href":"https:\/\/portalcatolico.net\/portal\/wp-json\/wp\/v2\/users\/2"}],"replies":[{"embeddable":true,"href":"https:\/\/portalcatolico.net\/portal\/wp-json\/wp\/v2\/comments?post=66272"}],"version-history":[{"count":2,"href":"https:\/\/portalcatolico.net\/portal\/wp-json\/wp\/v2\/posts\/66272\/revisions"}],"predecessor-version":[{"id":66275,"href":"https:\/\/portalcatolico.net\/portal\/wp-json\/wp\/v2\/posts\/66272\/revisions\/66275"}],"wp:featuredmedia":[{"embeddable":true,"href":"https:\/\/portalcatolico.net\/portal\/wp-json\/wp\/v2\/media\/66273"}],"wp:attachment":[{"href":"https:\/\/portalcatolico.net\/portal\/wp-json\/wp\/v2\/media?parent=66272"}],"wp:term":[{"taxonomy":"category","embeddable":true,"href":"https:\/\/portalcatolico.net\/portal\/wp-json\/wp\/v2\/categories?post=66272"},{"taxonomy":"post_tag","embeddable":true,"href":"https:\/\/portalcatolico.net\/portal\/wp-json\/wp\/v2\/tags?post=66272"}],"curies":[{"name":"wp","href":"https:\/\/api.w.org\/{rel}","templated":true}]}}