{"id":66259,"date":"2019-09-09T00:33:31","date_gmt":"2019-09-09T03:33:31","guid":{"rendered":"http:\/\/portalcatolico.net\/portal\/?p=66259"},"modified":"2019-09-07T14:34:34","modified_gmt":"2019-09-07T17:34:34","slug":"3-aviva-jovem-vai-acontecer-em-ibicarai","status":"publish","type":"post","link":"https:\/\/portalcatolico.net\/portal\/3-aviva-jovem-vai-acontecer-em-ibicarai\/","title":{"rendered":"3\u00b0 Aviva Jovem vai acontecer em Ibicara\u00ed"},"content":{"rendered":"<div dir=\"auto\">O Grupo de&nbsp; Jovem Amigos pela F\u00e9 da par\u00f3quia Senhor Deus Menino de Ibicara\u00ed (BA) promover\u00e1 nos dias 19 e 20 de outubro&nbsp; na comunidade de S\u00e3o Jorge, do distrito de Cajueiro, o 3\u00b0 Aviva Jovem, com o tema: &#8220;Vou me levantar e irei ao meu pai&#8221;( LC 15,18) e o lema: &#8220;Voltemos ao primeiro amor&#8221;.&nbsp;<\/div>\n<div dir=\"auto\">Ser\u00e3o momentos de louvor, adora\u00e7\u00e3o, prega\u00e7\u00f5es, Santa Missa e muito mais!<\/div>\n<div dir=\"auto\">Realiza\u00e7\u00e3o e organiza\u00e7\u00e3o: Grupo de Jovem&nbsp; Amigos pela F\u00e9 e a par\u00f3quia Senhor Deus Menino\/Diocese de Itabuna (BA).<\/div>\n<div dir=\"auto\">&nbsp;<\/div>\n<div dir=\"auto\">Texto:Portal Cat\u00f3lico.Net<\/div>\n","protected":false},"excerpt":{"rendered":"<p>O Grupo de&nbsp; Jovem Amigos pela F\u00e9 da par\u00f3quia Senhor Deus Menino de Ibicara\u00ed (BA) promover\u00e1 nos dias 19 e 20 de outubro&nbsp; na comunidade de S\u00e3o Jorge, do distrito de Cajueiro, o 3\u00b0 Aviva Jovem, com o tema: &#8220;Vou me levantar e irei ao meu pai&#8221;( LC 15,18) e o lema: &#8220;Voltemos ao primeiro&nbsp;<\/p>\n<p><a class=\"btn btn-style\" href=\"https:\/\/portalcatolico.net\/portal\/3-aviva-jovem-vai-acontecer-em-ibicarai\/\">Continue Reading<\/a><\/p>\n","protected":false},"author":2,"featured_media":66260,"comment_status":"open","ping_status":"open","sticky":false,"template":"","format":"standard","meta":{"footnotes":""},"categories":[1],"tags":[],"class_list":["post-66259","post","type-post","status-publish","format-standard","has-post-thumbnail","hentry","category-agenda"],"_links":{"self":[{"href":"https:\/\/portalcatolico.net\/portal\/wp-json\/wp\/v2\/posts\/66259","targetHints":{"allow":["GET"]}}],"collection":[{"href":"https:\/\/portalcatolico.net\/portal\/wp-json\/wp\/v2\/posts"}],"about":[{"href":"https:\/\/portalcatolico.net\/portal\/wp-json\/wp\/v2\/types\/post"}],"author":[{"embeddable":true,"href":"https:\/\/portalcatolico.net\/portal\/wp-json\/wp\/v2\/users\/2"}],"replies":[{"embeddable":true,"href":"https:\/\/portalcatolico.net\/portal\/wp-json\/wp\/v2\/comments?post=66259"}],"version-history":[{"count":2,"href":"https:\/\/portalcatolico.net\/portal\/wp-json\/wp\/v2\/posts\/66259\/revisions"}],"predecessor-version":[{"id":66262,"href":"https:\/\/portalcatolico.net\/portal\/wp-json\/wp\/v2\/posts\/66259\/revisions\/66262"}],"wp:featuredmedia":[{"embeddable":true,"href":"https:\/\/portalcatolico.net\/portal\/wp-json\/wp\/v2\/media\/66260"}],"wp:attachment":[{"href":"https:\/\/portalcatolico.net\/portal\/wp-json\/wp\/v2\/media?parent=66259"}],"wp:term":[{"taxonomy":"category","embeddable":true,"href":"https:\/\/portalcatolico.net\/portal\/wp-json\/wp\/v2\/categories?post=66259"},{"taxonomy":"post_tag","embeddable":true,"href":"https:\/\/portalcatolico.net\/portal\/wp-json\/wp\/v2\/tags?post=66259"}],"curies":[{"name":"wp","href":"https:\/\/api.w.org\/{rel}","templated":true}]}}