{"id":66177,"date":"2019-08-29T19:51:03","date_gmt":"2019-08-29T22:51:03","guid":{"rendered":"http:\/\/portalcatolico.net\/portal\/?p=66177"},"modified":"2019-08-29T19:51:03","modified_gmt":"2019-08-29T22:51:03","slug":"patrimonio-historico-e-cultural-de-ilheus-celebra-90-anos","status":"publish","type":"post","link":"https:\/\/portalcatolico.net\/portal\/patrimonio-historico-e-cultural-de-ilheus-celebra-90-anos\/","title":{"rendered":"Patrim\u00f4nio hist\u00f3rico e cultural de Ilh\u00e9us celebra 90 anos"},"content":{"rendered":"<p>No pr\u00f3ximo dia 31 de agosto, s\u00e1bado, \u00e0s 18 horas, o Instituto Nossa Senhora da Piedade celebra Missa Solene em comemora\u00e7\u00e3o aos 90 anos de consagra\u00e7\u00e3o de sua Igreja, um marco precioso do patrim\u00f4nio hist\u00f3rico e cultural de Ilh\u00e9us e da regi\u00e3o cacaueira. Al\u00e9m da missa, o evento tamb\u00e9m prestar\u00e1 homenagem aos benfeitores iniciais da constru\u00e7\u00e3o do templo.<\/p>\n<p>S\u00e3o nove d\u00e9cadas que, no alto da colina, a Igreja da Piedade, em estilo g\u00f3tico, guarda a cidade e ilumina gera\u00e7\u00f5es. &#8220;S\u00edmbolo monumental da f\u00e9 ilheense, o templo \u00e9 um espa\u00e7o de reflex\u00e3o e acolhimento onde, desde 1929, a comunidade regional encontra abrigo para suas afli\u00e7\u00f5es, harmoniza seus sentimentos e renova suas esperan\u00e7as&#8221;, afirma o professor e jornalista Ramayana Vargens, um dos grandes colaboradores do instituto de ensino acoplado \u00e0 igreja, famoso em todo mundo em decorr\u00eancia da obra liter\u00e1ria de Jorge Amado.<\/p>\n<p>Segundo o professor Ramayana, a constru\u00e7\u00e3o da Igreja da Piedade foi um marco significativo na evolu\u00e7\u00e3o urbana de Ilh\u00e9us. A obra, iniciada em dois de fevereiro de 1928, atendeu a uma forte aspira\u00e7\u00e3o da sociedade local.&nbsp;&nbsp;&#8220;\u00c0 medida que o perfil da torre e das agulhas g\u00f3ticas se delineava, o povo absorvia aquela silhueta como um sinal prof\u00e9tico, que aben\u00e7oava a cidade em cima de um cume privilegiado. E coroava uma \u00e9poca de transforma\u00e7\u00f5es e moderniza\u00e7\u00e3o. Ilh\u00e9us se mobilizava por uma ponte que ligasse o centro ao Pontal. Iniciava a coleta motorizada de lixo. Melhoravam os servi\u00e7os de \u00e1gua, luz e esgoto. A Avenida Beira Mar (atual Soares Lopes) era ampliada e diversos logradouros recebiam os beneficiamentos da urbaniza\u00e7\u00e3o. O busto de Castro Alves era inaugurado, em frente ao Grupo Escolar, na orla central. Come\u00e7ava a concretagem das funda\u00e7\u00f5es do Cine Teatro. Uma caravana de carros e caminh\u00f5es, pela primeira vez, atravessava a estrada Ilh\u00e9us\u2013Macuco (Buerarema). O governo federal autorizava a abertura da primeira casa banc\u00e1ria no munic\u00edpio&#8221;, conta.<\/p>\n<p>A import\u00e2ncia do templo teve o pronto reconhecimento do ent\u00e3o governador do estado, Francisco de G\u00f3es Calmon, que liberou 50 contos de r\u00e9is (quantia vultosa na \u00e9poca) para a constru\u00e7\u00e3o.&nbsp;&nbsp;O chefe do governo municipal, Durval Olivieri, tamb\u00e9m apoiou a corajosa iniciativa das Irm\u00e3s Ursulinas e deu continuidade \u00e0 colabora\u00e7\u00e3o de seu antecessor, M\u00e1rio Pessoa, que havia iniciado a transforma\u00e7\u00e3o dos &#8220;caminhos de cabras&#8221; das r\u00fasticas ladeiras da \u00e1rea em ruas bem tra\u00e7adas, com melhores acessos. A impon\u00eancia da igreja, desde o in\u00edcio, transformou-se em motivo de orgulho regional.<\/p>\n<p>De acordo com o professor Ramayana Vargens, membro da Academia de Letras de Ilh\u00e9us, o planejamento para a obra come\u00e7ou em 1927. Nesse ano, monsenhor Clodoaldo Barbosa, capel\u00e3o do Convento da Soledade, em Salvador, recomendou \u00e0s irm\u00e3s de Ilh\u00e9us o mestre construtor Salom\u00e3o da Silveira, para estudar um projeto encomendado na Europa. Salom\u00e3o fez modifica\u00e7\u00f5es fundamentais nas plantas (adaptando o tra\u00e7ado \u00e0s reais condi\u00e7\u00f5es do terreno) e assumiu o comando da empreitada.<\/p>\n<p>No dia 31 de agosto de 1929, o bispo Dom Manuel Ant\u00f4nio de Paiva, apesar da sa\u00fade abalada, e \u00e0s v\u00e9speras de deixar a diocese, fez quest\u00e3o de celebrar o ato de consagra\u00e7\u00e3o do templo. A popula\u00e7\u00e3o da cidade invadiu a colina e a festa inaugural entrou para a hist\u00f3ria como um dos eventos mais bonitos e emocionantes nos tempos \u00e1ureos do cacau.<\/p>\n<p>Em artigo sobre o evento, Vargens pontua: &#8220;Assim, come\u00e7a uma longa etapa de realiza\u00e7\u00f5es marcantes na vida da sociedade regional tendo como palco o espa\u00e7o sublime do santu\u00e1rio da Piedade. S\u00e3o 90 anos de b\u00ean\u00e7\u00e3os, preces, l\u00e1grimas, sorrisos e emo\u00e7\u00f5es que marcam momentos inesquec\u00edveis da hist\u00f3ria de Ilh\u00e9us. Missas comoventes, novenas fervorosas, celebra\u00e7\u00f5es edificantes, casamentos suntuosos, formaturas garbosas, cerim\u00f4nias c\u00edvicas e \u2013 principalmente \u2013 a magn\u00edfica energia transformadora da religiosidade de gente simples do povo. Que Nossa Senhora da Piedade continue aben\u00e7oando a cidade e seus filhos. E que o milagre de Sua Majestosa Presen\u00e7a nos proteja \u2013 sempre \u2013 contra os males e perigos que nos cercam, com frequ\u00eancia cada vez maior. Am\u00e9m!&#8221;<\/p>\n<p>Foto:Reprodu\u00e7\u00e3o\/Internet<\/p>\n","protected":false},"excerpt":{"rendered":"<p>No pr\u00f3ximo dia 31 de agosto, s\u00e1bado, \u00e0s 18 horas, o Instituto Nossa Senhora da Piedade celebra Missa Solene em comemora\u00e7\u00e3o aos 90 anos de consagra\u00e7\u00e3o de sua Igreja, um marco precioso do patrim\u00f4nio hist\u00f3rico e cultural de Ilh\u00e9us e da regi\u00e3o cacaueira. Al\u00e9m da missa, o evento tamb\u00e9m prestar\u00e1 homenagem aos benfeitores iniciais da&nbsp;<\/p>\n<p><a class=\"btn btn-style\" href=\"https:\/\/portalcatolico.net\/portal\/patrimonio-historico-e-cultural-de-ilheus-celebra-90-anos\/\">Continue Reading<\/a><\/p>\n","protected":false},"author":2,"featured_media":66178,"comment_status":"open","ping_status":"open","sticky":false,"template":"","format":"standard","meta":{"footnotes":""},"categories":[4],"tags":[],"class_list":["post-66177","post","type-post","status-publish","format-standard","has-post-thumbnail","hentry","category-destaques"],"_links":{"self":[{"href":"https:\/\/portalcatolico.net\/portal\/wp-json\/wp\/v2\/posts\/66177","targetHints":{"allow":["GET"]}}],"collection":[{"href":"https:\/\/portalcatolico.net\/portal\/wp-json\/wp\/v2\/posts"}],"about":[{"href":"https:\/\/portalcatolico.net\/portal\/wp-json\/wp\/v2\/types\/post"}],"author":[{"embeddable":true,"href":"https:\/\/portalcatolico.net\/portal\/wp-json\/wp\/v2\/users\/2"}],"replies":[{"embeddable":true,"href":"https:\/\/portalcatolico.net\/portal\/wp-json\/wp\/v2\/comments?post=66177"}],"version-history":[{"count":1,"href":"https:\/\/portalcatolico.net\/portal\/wp-json\/wp\/v2\/posts\/66177\/revisions"}],"predecessor-version":[{"id":66179,"href":"https:\/\/portalcatolico.net\/portal\/wp-json\/wp\/v2\/posts\/66177\/revisions\/66179"}],"wp:featuredmedia":[{"embeddable":true,"href":"https:\/\/portalcatolico.net\/portal\/wp-json\/wp\/v2\/media\/66178"}],"wp:attachment":[{"href":"https:\/\/portalcatolico.net\/portal\/wp-json\/wp\/v2\/media?parent=66177"}],"wp:term":[{"taxonomy":"category","embeddable":true,"href":"https:\/\/portalcatolico.net\/portal\/wp-json\/wp\/v2\/categories?post=66177"},{"taxonomy":"post_tag","embeddable":true,"href":"https:\/\/portalcatolico.net\/portal\/wp-json\/wp\/v2\/tags?post=66177"}],"curies":[{"name":"wp","href":"https:\/\/api.w.org\/{rel}","templated":true}]}}