{"id":66173,"date":"2019-08-29T13:31:45","date_gmt":"2019-08-29T16:31:45","guid":{"rendered":"http:\/\/portalcatolico.net\/portal\/?p=66173"},"modified":"2019-08-29T13:32:28","modified_gmt":"2019-08-29T16:32:28","slug":"convitecervo-portal-catoliconet-aniversario-natalicio-do-frei-anailton-acontece-em-itabuna","status":"publish","type":"post","link":"https:\/\/portalcatolico.net\/portal\/convitecervo-portal-catoliconet-aniversario-natalicio-do-frei-anailton-acontece-em-itabuna\/","title":{"rendered":"Convite: aniversario natal\u00edcio do  Frei  Anailton acontece em Itabuna"},"content":{"rendered":"<p>A Par\u00f3quia Santa Rita de C\u00e1ssia em Itabuna (BA) tem alegria de&nbsp;convidar todas as pastorais, movimentos, comunidades e paroquianos, &nbsp;devotos de Santa Rita, para participarem&nbsp; da santa missa em comemora\u00e7\u00e3o&nbsp;ao anivers\u00e1rio natal\u00edcio do Pe. Frei Anailton Brito, vig\u00e1rio paroquial&nbsp;da igreja matriz. A celebra\u00e7\u00e3o Eucar\u00edstica acontece nesta quinta-feira,&nbsp;\u00e0s 19h. Participe!<\/p>\n<p>Foto:Acervo\/Portal cat\u00f3lico.Net<\/p>\n","protected":false},"excerpt":{"rendered":"<p>A Par\u00f3quia Santa Rita de C\u00e1ssia em Itabuna (BA) tem alegria de&nbsp;convidar todas as pastorais, movimentos, comunidades e paroquianos, &nbsp;devotos de Santa Rita, para participarem&nbsp; da santa missa em comemora\u00e7\u00e3o&nbsp;ao anivers\u00e1rio natal\u00edcio do Pe. Frei Anailton Brito, vig\u00e1rio paroquial&nbsp;da igreja matriz. A celebra\u00e7\u00e3o Eucar\u00edstica acontece nesta quinta-feira,&nbsp;\u00e0s 19h. Participe! Foto:Acervo\/Portal cat\u00f3lico.Net<\/p>\n","protected":false},"author":2,"featured_media":66174,"comment_status":"open","ping_status":"open","sticky":false,"template":"","format":"standard","meta":{"footnotes":""},"categories":[4],"tags":[],"class_list":["post-66173","post","type-post","status-publish","format-standard","has-post-thumbnail","hentry","category-destaques"],"_links":{"self":[{"href":"https:\/\/portalcatolico.net\/portal\/wp-json\/wp\/v2\/posts\/66173","targetHints":{"allow":["GET"]}}],"collection":[{"href":"https:\/\/portalcatolico.net\/portal\/wp-json\/wp\/v2\/posts"}],"about":[{"href":"https:\/\/portalcatolico.net\/portal\/wp-json\/wp\/v2\/types\/post"}],"author":[{"embeddable":true,"href":"https:\/\/portalcatolico.net\/portal\/wp-json\/wp\/v2\/users\/2"}],"replies":[{"embeddable":true,"href":"https:\/\/portalcatolico.net\/portal\/wp-json\/wp\/v2\/comments?post=66173"}],"version-history":[{"count":2,"href":"https:\/\/portalcatolico.net\/portal\/wp-json\/wp\/v2\/posts\/66173\/revisions"}],"predecessor-version":[{"id":66176,"href":"https:\/\/portalcatolico.net\/portal\/wp-json\/wp\/v2\/posts\/66173\/revisions\/66176"}],"wp:featuredmedia":[{"embeddable":true,"href":"https:\/\/portalcatolico.net\/portal\/wp-json\/wp\/v2\/media\/66174"}],"wp:attachment":[{"href":"https:\/\/portalcatolico.net\/portal\/wp-json\/wp\/v2\/media?parent=66173"}],"wp:term":[{"taxonomy":"category","embeddable":true,"href":"https:\/\/portalcatolico.net\/portal\/wp-json\/wp\/v2\/categories?post=66173"},{"taxonomy":"post_tag","embeddable":true,"href":"https:\/\/portalcatolico.net\/portal\/wp-json\/wp\/v2\/tags?post=66173"}],"curies":[{"name":"wp","href":"https:\/\/api.w.org\/{rel}","templated":true}]}}