{"id":66111,"date":"2019-08-25T00:40:50","date_gmt":"2019-08-25T03:40:50","guid":{"rendered":"http:\/\/portalcatolico.net\/portal\/?p=66111"},"modified":"2019-08-24T22:12:38","modified_gmt":"2019-08-25T01:12:38","slug":"nossa-senhora-da-piedade-sera-celebrada-mes-que-vem-em-itabuna","status":"publish","type":"post","link":"https:\/\/portalcatolico.net\/portal\/nossa-senhora-da-piedade-sera-celebrada-mes-que-vem-em-itabuna\/","title":{"rendered":"Nossa Senhora da Piedade ser\u00e1 celebrada m\u00eas que vem em Itabuna!"},"content":{"rendered":"<p>A par\u00f3quia Nossa Senhora da Piedade, que fica situada no bairro Maria&nbsp;Pinheiro, na cidade e diocese de Itabuna, no sul da Bahia, tem alegria&nbsp;convidar voc\u00ea e sua fam\u00edlia, Grupos, Movimentos e Pastorais para&nbsp;<br \/>\nparticipar da Festa de Nossa Senhora da Piedade. O 14\u00aa&nbsp; Noven\u00e1rio em homenagem \u00e0 santa, vai acontecer de 06&nbsp;a 14 de setembro. No dia 15, acontece&nbsp; a festa da santa padroeira.<br \/>\nO tema escolhido para este ano foi: &#8220;Que nenhuma fam\u00edlia comece em&nbsp;qualquer de repente, para que nenhuma fam\u00edlia termine por falta de&nbsp;amor&#8221;.<br \/>\nTodos os dias vai acontecer a reza do Santo Ter\u00e7o \u00e0s 18h30, e \u00e0s 19h, tem a&nbsp;Santa Missa. Ap\u00f3s a missa,&nbsp;&nbsp;os fieis podem desfrutas das barracas com&nbsp;comidas t\u00edpicas. Vale ressaltar que todo dinheiro arrecadado com as vendas das comidas, ser\u00e1 revestido para a igreja&nbsp; matriz.<br \/>\nParticipe!<\/p>\n<p>Foto:Acervo\/Portal Cat\u00f3lico.Net<\/p>\n","protected":false},"excerpt":{"rendered":"<p>A par\u00f3quia Nossa Senhora da Piedade, que fica situada no bairro Maria&nbsp;Pinheiro, na cidade e diocese de Itabuna, no sul da Bahia, tem alegria&nbsp;convidar voc\u00ea e sua fam\u00edlia, Grupos, Movimentos e Pastorais para&nbsp; participar da Festa de Nossa Senhora da Piedade. O 14\u00aa&nbsp; Noven\u00e1rio em homenagem \u00e0 santa, vai acontecer de 06&nbsp;a 14 de setembro.&nbsp;<\/p>\n<p><a class=\"btn btn-style\" href=\"https:\/\/portalcatolico.net\/portal\/nossa-senhora-da-piedade-sera-celebrada-mes-que-vem-em-itabuna\/\">Continue Reading<\/a><\/p>\n","protected":false},"author":2,"featured_media":66112,"comment_status":"open","ping_status":"open","sticky":false,"template":"","format":"standard","meta":{"footnotes":""},"categories":[1],"tags":[],"class_list":["post-66111","post","type-post","status-publish","format-standard","has-post-thumbnail","hentry","category-agenda"],"_links":{"self":[{"href":"https:\/\/portalcatolico.net\/portal\/wp-json\/wp\/v2\/posts\/66111","targetHints":{"allow":["GET"]}}],"collection":[{"href":"https:\/\/portalcatolico.net\/portal\/wp-json\/wp\/v2\/posts"}],"about":[{"href":"https:\/\/portalcatolico.net\/portal\/wp-json\/wp\/v2\/types\/post"}],"author":[{"embeddable":true,"href":"https:\/\/portalcatolico.net\/portal\/wp-json\/wp\/v2\/users\/2"}],"replies":[{"embeddable":true,"href":"https:\/\/portalcatolico.net\/portal\/wp-json\/wp\/v2\/comments?post=66111"}],"version-history":[{"count":2,"href":"https:\/\/portalcatolico.net\/portal\/wp-json\/wp\/v2\/posts\/66111\/revisions"}],"predecessor-version":[{"id":66114,"href":"https:\/\/portalcatolico.net\/portal\/wp-json\/wp\/v2\/posts\/66111\/revisions\/66114"}],"wp:featuredmedia":[{"embeddable":true,"href":"https:\/\/portalcatolico.net\/portal\/wp-json\/wp\/v2\/media\/66112"}],"wp:attachment":[{"href":"https:\/\/portalcatolico.net\/portal\/wp-json\/wp\/v2\/media?parent=66111"}],"wp:term":[{"taxonomy":"category","embeddable":true,"href":"https:\/\/portalcatolico.net\/portal\/wp-json\/wp\/v2\/categories?post=66111"},{"taxonomy":"post_tag","embeddable":true,"href":"https:\/\/portalcatolico.net\/portal\/wp-json\/wp\/v2\/tags?post=66111"}],"curies":[{"name":"wp","href":"https:\/\/api.w.org\/{rel}","templated":true}]}}