{"id":66107,"date":"2019-08-24T19:29:37","date_gmt":"2019-08-24T22:29:37","guid":{"rendered":"http:\/\/portalcatolico.net\/portal\/?p=66107"},"modified":"2019-08-24T19:29:37","modified_gmt":"2019-08-24T22:29:37","slug":"ajude-a-construir-a-primeira-casa-de-missao-e-acolhimento-de-itabuna","status":"publish","type":"post","link":"https:\/\/portalcatolico.net\/portal\/ajude-a-construir-a-primeira-casa-de-missao-e-acolhimento-de-itabuna\/","title":{"rendered":"Ajude a construir a  primeira casa de miss\u00e3o e acolhimento de Itabuna!"},"content":{"rendered":"<p>A comunidade Cat\u00f3lica Filho de Israel precisa de voc\u00ea!&nbsp;Torne-se um s\u00f3cio evangelizador e ajude a levar a evangeliza\u00e7\u00e3o&nbsp;atrav\u00e9s da casa de miss\u00e3o e acolhimento. Para realizar o seu cadastro e&nbsp;ajudar a Casa de Miss\u00e3o, voc\u00ea levar\u00e1 poucos minutos, e precisar\u00e1 apenas&nbsp;informar o valor de contribui\u00e7\u00e3o que ajudar\u00e1 a construir a &nbsp;primeira casa de miss\u00e3o e acolhimento na cidade de Itabuna, no sul da&nbsp;Bahia.<br \/>\nA casa de miss\u00e3o&nbsp;se empenhar\u00e1 pela vida da Fam\u00edlia e da Igreja em v\u00e1rios bairros de&nbsp;Itabuna.&nbsp;<br \/>\nVale ressaltar que a Comunidade de Alian\u00e7a Filhos de Israel \u00e9 um Grupo&nbsp;de Ora\u00e7\u00e3o da&nbsp; Renova\u00e7\u00e3o Carism\u00e1tica Cat\u00f3lica da Par\u00f3quia Nossa Senhora&nbsp;Aparecida, na Diocese de Itabuna. Os membros do Grupo de Ora\u00e7\u00e3o se&nbsp;re\u00fanem na Comunidade de Nossa Senhora de Guadalupe, no bairro Parque Boa&nbsp;<br \/>\nVista.<\/p>\n<p>Estes irm\u00e3os t\u00eam um trabalho de evangeliza\u00e7\u00e3o nas ruas de&nbsp;Itabuna, todos os finais de semana, com ora\u00e7\u00e3o, distribui\u00e7\u00e3o de&nbsp;alimentos, roupas e cal\u00e7ados&nbsp; para os moradores de rua.<br \/>\nAl\u00e9m de comida e vesti\u00e1rio, eles levam palavras de conforto e orienta\u00e7\u00e3o&nbsp;espiritual.<br \/>\nQuem quiser contribuir pode entrar em contato com Jos\u00e9 Iramar ou sua&nbsp;esposa Dina Xavier pelos telefones (73) 9965-7821, 99965-8527 .<\/p>\n<p>Os&nbsp;doadores tamb\u00e9m podem depositar sua contribui\u00e7\u00e3o no Banco&nbsp; Caixa&nbsp;Econ\u00f4mica, ag\u00eancia 3792, opera\u00e7\u00e3o 003 conta 820-6. Favorecido: IPCA \u2013&nbsp;<br \/>\ninstituto Prom. da Crian\u00e7a adolescente S\u00e3o Miguel Arcanjo. CNPJ&nbsp;13.982.334\/0001-50.&nbsp;<\/p>\n<p>Vale relembrar que o fundador da Comunidade Filhos de Israel, em fevereiro deste ano, concedeu uma&nbsp;entrevista a este Portal de Not\u00edcias, e falou sobre o sonho de construir a casa de miss\u00e3o. Confira no&nbsp;link abaixo:<br \/>\n<a href=\"http:\/\/portalcatolico.net\/portal\/fundador-da-comunidade-filhos-de-israel-conta-historia-de-24-anos-de-evangelizacao\/\" target=\"_blank\" rel=\"noopener noreferrer\">http:\/\/portalcatolico.net\/portal\/fundador-da-comunidade-filhos-de-israel-conta-historia-de-24-anos-de-evangelizacao<\/a><\/p>\n<p>Texto:Reda\u00e7\u00e3o\/Portal Cat\u00f3lico.Net<\/p>\n","protected":false},"excerpt":{"rendered":"<p>A comunidade Cat\u00f3lica Filho de Israel precisa de voc\u00ea!&nbsp;Torne-se um s\u00f3cio evangelizador e ajude a levar a evangeliza\u00e7\u00e3o&nbsp;atrav\u00e9s da casa de miss\u00e3o e acolhimento. Para realizar o seu cadastro e&nbsp;ajudar a Casa de Miss\u00e3o, voc\u00ea levar\u00e1 poucos minutos, e precisar\u00e1 apenas&nbsp;informar o valor de contribui\u00e7\u00e3o que ajudar\u00e1 a construir a &nbsp;primeira casa de miss\u00e3o e&nbsp;<\/p>\n<p><a class=\"btn btn-style\" href=\"https:\/\/portalcatolico.net\/portal\/ajude-a-construir-a-primeira-casa-de-missao-e-acolhimento-de-itabuna\/\">Continue Reading<\/a><\/p>\n","protected":false},"author":2,"featured_media":66108,"comment_status":"open","ping_status":"open","sticky":false,"template":"","format":"standard","meta":{"footnotes":""},"categories":[4],"tags":[],"class_list":["post-66107","post","type-post","status-publish","format-standard","has-post-thumbnail","hentry","category-destaques"],"_links":{"self":[{"href":"https:\/\/portalcatolico.net\/portal\/wp-json\/wp\/v2\/posts\/66107","targetHints":{"allow":["GET"]}}],"collection":[{"href":"https:\/\/portalcatolico.net\/portal\/wp-json\/wp\/v2\/posts"}],"about":[{"href":"https:\/\/portalcatolico.net\/portal\/wp-json\/wp\/v2\/types\/post"}],"author":[{"embeddable":true,"href":"https:\/\/portalcatolico.net\/portal\/wp-json\/wp\/v2\/users\/2"}],"replies":[{"embeddable":true,"href":"https:\/\/portalcatolico.net\/portal\/wp-json\/wp\/v2\/comments?post=66107"}],"version-history":[{"count":1,"href":"https:\/\/portalcatolico.net\/portal\/wp-json\/wp\/v2\/posts\/66107\/revisions"}],"predecessor-version":[{"id":66109,"href":"https:\/\/portalcatolico.net\/portal\/wp-json\/wp\/v2\/posts\/66107\/revisions\/66109"}],"wp:featuredmedia":[{"embeddable":true,"href":"https:\/\/portalcatolico.net\/portal\/wp-json\/wp\/v2\/media\/66108"}],"wp:attachment":[{"href":"https:\/\/portalcatolico.net\/portal\/wp-json\/wp\/v2\/media?parent=66107"}],"wp:term":[{"taxonomy":"category","embeddable":true,"href":"https:\/\/portalcatolico.net\/portal\/wp-json\/wp\/v2\/categories?post=66107"},{"taxonomy":"post_tag","embeddable":true,"href":"https:\/\/portalcatolico.net\/portal\/wp-json\/wp\/v2\/tags?post=66107"}],"curies":[{"name":"wp","href":"https:\/\/api.w.org\/{rel}","templated":true}]}}