{"id":66101,"date":"2019-08-25T00:14:44","date_gmt":"2019-08-25T03:14:44","guid":{"rendered":"http:\/\/portalcatolico.net\/portal\/?p=66101"},"modified":"2019-08-24T19:15:07","modified_gmt":"2019-08-24T22:15:07","slug":"dia-nacional-dos-catequistas","status":"publish","type":"post","link":"https:\/\/portalcatolico.net\/portal\/dia-nacional-dos-catequistas\/","title":{"rendered":"Dia Nacional dos Catequistas"},"content":{"rendered":"<p><em>Nas Par\u00f3quias, nas Comunidades urbanas ou rurais h\u00e1 homens e mulheres vivendo e anunciando o Evangelho para crian\u00e7as, jovens e adultos, e que nas mais diversas situa\u00e7\u00f5es, \u00e0s vezes, com muitas dificuldades, re\u00fanem um pequeno grupo de pessoas para lerem a Palavra de Deus e coloc\u00e1-la em pr\u00e1tica.<\/em><\/p>\n<p><em>Temos, hoje, a consci\u00eancia muito clara de que a catequese deve transformar as pessoas e a sociedade. Precisa atingir n\u00e3o s\u00f3 as crian\u00e7as e adolescentes, mas tamb\u00e9m as fam\u00edlias e, principalmente, os adultos.<\/em><\/p>\n<p><em>Precisamos lembrar que a Eucaristia est\u00e1 no centro de nossa exist\u00eancia. \u00c9 nela que celebramos o mist\u00e9rio central de nossa f\u00e9: a morte e a ressurrei\u00e7\u00e3o de Jesus. Toda a catequese deve levar a transformar a nossa vida no Mist\u00e9rio Pascal. Morrendo com Jesus, viveremos tamb\u00e9m com Ele.<\/em><\/p>\n<p><em>Ser catequista \u00e9 ser capaz de ler a presen\u00e7a de Deus nas atividades humanas, \u00e9 viver a experi\u00eancia de descobrir o rosto de Deus, tamb\u00e9m nas realidades do mundo. \u00c9 olhar o mundo com os mesmos olhos com que Jesus contemplava o povo de sua \u00e9poca.<\/em><\/p>\n<p><em>Ser catequista \u00e9 ser uma pessoa de espiritualidade e santidade. \u00c9 colocar-se na escola do Mestre Jesus e fazer com Ele uma profunda experi\u00eancia de vida e de f\u00e9. Ser catequista \u00e9 voca\u00e7\u00e3o e miss\u00e3o. \u00c9 um dom de Deus, mas que requer nossa resposta e nosso compromisso. \u00c9 \u00f3bvio e nem se discute, ent\u00e3o, que \u00e9 necess\u00e1rio preparar-se continuamente, formar-se, para ser competente e dar testemunho.<\/em><\/p>\n<p><em>O catequista \u00e9 uma pessoa que busca constantemente cultivar sua forma\u00e7\u00e3o. Somos eternos disc\u00edpulos da vida e da f\u00e9. Ser catequista \u00e9 ser pessoa de comunica\u00e7\u00e3o, capaz de boas rela\u00e7\u00f5es entre as pessoas, para construir comunh\u00e3o.<\/em><\/p>\n<p><em>&nbsp;<\/em><em>Em todo nosso pa\u00eds, vemos muitas homenagens, celebra\u00e7\u00f5es e festas aos catequistas. S\u00e3o momentos merecidos pois s\u00e3o leigos que entregam seus dias, horas, se p\u00f5e a servi\u00e7o da evangeliza\u00e7\u00e3o e da educa\u00e7\u00e3o da f\u00e9.<\/em><\/p>\n<p><em>A equipe do <strong>Portal Cat\u00f3lico de Noticias<\/strong>, queremos mais do que homenagear. Queremos agradecer o dom da vida e voca\u00e7\u00e3o de cada catequista de nossa Igreja no Brasil. Entretanto, \u00e9 atrav\u00e9s de voc\u00eas que o amor de Deus \u00e9 levado a todos os cora\u00e7\u00f5es. \u00c9 por suas m\u00e3o, boca e testemunho que vemos a ader\u00eancia dos fi\u00e9is a Jesus Cristo, caminho, verdade e vida.<\/em><\/p>\n<p><em>O Catequista \u00e9 o sinal vis\u00edvel da miss\u00e3o da Igreja, \u201cide por todo mundo, anunciai a boa nova a toda criatura\u201d (Mc 16,15), voc\u00ea catequista \u00e9 o principal propagador da f\u00e9.<\/em><\/p>\n","protected":false},"excerpt":{"rendered":"<p>Nas Par\u00f3quias, nas Comunidades urbanas ou rurais h\u00e1 homens e mulheres vivendo e anunciando o Evangelho para crian\u00e7as, jovens e adultos, e que nas mais diversas situa\u00e7\u00f5es, \u00e0s vezes, com muitas dificuldades, re\u00fanem um pequeno grupo de pessoas para lerem a Palavra de Deus e coloc\u00e1-la em pr\u00e1tica. Temos, hoje, a consci\u00eancia muito clara de&nbsp;<\/p>\n<p><a class=\"btn btn-style\" href=\"https:\/\/portalcatolico.net\/portal\/dia-nacional-dos-catequistas\/\">Continue Reading<\/a><\/p>\n","protected":false},"author":2,"featured_media":66102,"comment_status":"open","ping_status":"open","sticky":false,"template":"","format":"standard","meta":{"footnotes":""},"categories":[69],"tags":[],"class_list":["post-66101","post","type-post","status-publish","format-standard","has-post-thumbnail","hentry","category-artigos"],"_links":{"self":[{"href":"https:\/\/portalcatolico.net\/portal\/wp-json\/wp\/v2\/posts\/66101","targetHints":{"allow":["GET"]}}],"collection":[{"href":"https:\/\/portalcatolico.net\/portal\/wp-json\/wp\/v2\/posts"}],"about":[{"href":"https:\/\/portalcatolico.net\/portal\/wp-json\/wp\/v2\/types\/post"}],"author":[{"embeddable":true,"href":"https:\/\/portalcatolico.net\/portal\/wp-json\/wp\/v2\/users\/2"}],"replies":[{"embeddable":true,"href":"https:\/\/portalcatolico.net\/portal\/wp-json\/wp\/v2\/comments?post=66101"}],"version-history":[{"count":1,"href":"https:\/\/portalcatolico.net\/portal\/wp-json\/wp\/v2\/posts\/66101\/revisions"}],"predecessor-version":[{"id":66103,"href":"https:\/\/portalcatolico.net\/portal\/wp-json\/wp\/v2\/posts\/66101\/revisions\/66103"}],"wp:featuredmedia":[{"embeddable":true,"href":"https:\/\/portalcatolico.net\/portal\/wp-json\/wp\/v2\/media\/66102"}],"wp:attachment":[{"href":"https:\/\/portalcatolico.net\/portal\/wp-json\/wp\/v2\/media?parent=66101"}],"wp:term":[{"taxonomy":"category","embeddable":true,"href":"https:\/\/portalcatolico.net\/portal\/wp-json\/wp\/v2\/categories?post=66101"},{"taxonomy":"post_tag","embeddable":true,"href":"https:\/\/portalcatolico.net\/portal\/wp-json\/wp\/v2\/tags?post=66101"}],"curies":[{"name":"wp","href":"https:\/\/api.w.org\/{rel}","templated":true}]}}