{"id":66071,"date":"2019-08-21T12:43:57","date_gmt":"2019-08-21T15:43:57","guid":{"rendered":"http:\/\/portalcatolico.net\/portal\/?p=66071"},"modified":"2019-08-21T12:44:55","modified_gmt":"2019-08-21T15:44:55","slug":"nossa-senhora-das-vitorias-e-celebrada-em-itabuna-3","status":"publish","type":"post","link":"https:\/\/portalcatolico.net\/portal\/nossa-senhora-das-vitorias-e-celebrada-em-itabuna-3\/","title":{"rendered":"Nossa Senhora das Vit\u00f3rias \u00e9 celebrada em Itabuna"},"content":{"rendered":"<p>Os preparativos para a festa&nbsp; em louvor \u00e0 Nossa Senhora das Vit\u00f3rias em Itabuna (BA), &nbsp;tiveram in\u00edcio no \u00faltimo domingo (18). E no dia 25, acontece o ponto&nbsp;alto da festa da padroeira do bairro Jardim Vit\u00f3ria.<br \/>\nO tema central da festa para este ano \u00e9:&#8221;Batizados e enviados: a Igreja&nbsp;de Cristo em miss\u00e3o no Jardim Vit\u00f3ria&#8221;.<br \/>\nAs comemora\u00e7\u00f5es tiveram in\u00edcio com o noven\u00e1rio,&nbsp;missas di\u00e1rias, e ap\u00f3s a santa missa, e festa de largo.<\/p>\n<p>No dia 25&nbsp;de agosto, \u00e9 o dia de prestar as homenagens \u00e0 padroeira. \u00c0s 6h, tem&nbsp;Alvorada e \u00e0s 18h, tem prociss\u00e3o com a imagem da padroeira pelas ruas do&nbsp;bairro. Em seguida, celebra\u00e7\u00e3o da santa missa.<\/p>\n<p>Nesta ter\u00e7a feira, 20 de agosto, \u00e0s 19h, foi realizada a 3\u00aa noitedo noven\u00e1rio. O subtema foi: &#8220;A corresponsabilidade dos fi\u00e9is leigos na&nbsp;miss\u00e3o da Igreja&#8221;&nbsp; e&nbsp; para refletir o subtema,&nbsp;&nbsp;o convidado especial foi o p\u00e1roco da&nbsp;Par\u00f3quia Nossa Senhora da Concei\u00e7\u00e3o do bairro Concei\u00e7\u00e3o, o Pe. Adriano&nbsp;Fernandes, que no serm\u00e3o, disse: &#8220;O Reino de Deus exige a nossa participa\u00e7\u00e3o. O Reino de Deus \u00e9 um sinal de Sua presen\u00e7a no meio de n\u00f3s. Quando n\u00f3s somos batizados, quando n\u00f3s somos mergulhados na vida de Deus, quando n\u00f3s nos unimos ao Cristo pelo batismo, n\u00f3s nos tornamos portadores desta salva\u00e7\u00e3o que Ele, de forma definitiva, concretizou na cruz e em n\u00f3s pela sua ressurrei\u00e7\u00e3o&#8221;.<\/p>\n<p>A Celebra\u00e7\u00e3o Eucar\u00edstica teve in\u00edcio \u00e0s 19h com a presid\u00eancia&nbsp;do Pe. Adriano Fernandes e concelebra\u00e7\u00e3o pelo p\u00e1roco da igreja matriz de&nbsp;Nossa Senhora das Vit\u00f3rias, o Pe. Gimar Oliveira.<br \/>\nAp\u00f3s a santa missa, todas as noites, tem quermesse e m\u00fasica ao vivo.<img loading=\"lazy\" decoding=\"async\" class=\"alignnone wp-image-66073\" src=\"http:\/\/portalcatolico.net\/portal\/wp-content\/uploads\/2019\/08\/IMG_1475-300x200.jpg\" alt=\"\" width=\"744\" height=\"496\" srcset=\"https:\/\/portalcatolico.net\/portal\/wp-content\/uploads\/2019\/08\/IMG_1475-300x200.jpg 300w, https:\/\/portalcatolico.net\/portal\/wp-content\/uploads\/2019\/08\/IMG_1475-768x512.jpg 768w, https:\/\/portalcatolico.net\/portal\/wp-content\/uploads\/2019\/08\/IMG_1475-1024x683.jpg 1024w, https:\/\/portalcatolico.net\/portal\/wp-content\/uploads\/2019\/08\/IMG_1475.jpg 1500w\" sizes=\"auto, (max-width: 744px) 100vw, 744px\" \/><\/p>\n<p>Os convidados da noite foram os&nbsp; funcion\u00e1rios da Comunica\u00e7\u00e3o e professores.<br \/>\nOferta da noite: feij\u00e3o<br \/>\nRespons\u00e1veis: Marlene, Sandra, Noelita, Lu\u00edza, Aninha e Adevanilde<br \/>\nAnima\u00e7\u00e3o ficou por conta do Ter\u00e7o dos Homens da paroquia.<br \/>\nLITURGIA: 1\u00aa leitura: Jz 6,11-24\u00aa \/ Salmo Responsorial: 84(85) \/ Evang.:&nbsp;<br \/>\nMt 19,23-30 \/ COR LIT\u00daRGICA: Branco<\/p>\n<p><strong>Confira o restante da programa\u00e7\u00e3o:<\/strong><\/p>\n<p><strong>DIA 21\/08<\/strong> \u2013 QUARTA-FEIRA \u2013 MISSA<br \/>\nTEMA: A alegria de ser crist\u00e3o e anunciar Jesus Cristo<br \/>\nPREGADOR: Monsenhor Mois\u00e9s<br \/>\nCONVIDADOS: Escalada, Jovens e estudantes.<br \/>\nOFERTA DA NOITE: a\u00e7\u00facar<br \/>\nRESPONS\u00c1VEIS: Escalada<br \/>\nCANTO: Escalada<br \/>\nLITURGIA: 1\u00aa leitura: Jz 9,6-15 \/ Salmo Responsorial: 20(21) \/ Evang: Mt&nbsp;<br \/>\n20,1-16\u00aa\/COR LIT\u00daRGICA: Branco<\/p>\n<p><strong>DIA 22\/08<\/strong> \u2013 QUINTA-FEIRA \u2013 MISSA<br \/>\nTEMA:&nbsp; O agente de pastoral ou movimento como disc\u00edpulo mission\u00e1rio de&nbsp;<br \/>\nCristo<br \/>\nPREGADOR: D. Carlos Alberto (Bispo Diocesano)<br \/>\nCONVIDADOS: Engenheiros e Arquitetos e Movimento de Cursilho \u2013 MCC<br \/>\nOFERTA DA NOITE: macarr\u00e3o<br \/>\nRESPONS\u00c1VEIS: Gra\u00e7a, Concei\u00e7\u00e3o<br \/>\nCANTO: Thiago<br \/>\nLITURGIA: 1\u00aa leitura: Is 9,1-6 \/ Salmo Responsorial: 112(113)\/Evang.: Lc&nbsp;<br \/>\n1,26-38\/ COR LIT\u00daRGICA: Branco<\/p>\n<p><strong>DIA 23\/08<\/strong> \u2013 SEXTA-FEIRA \u2013 NOVENA<br \/>\nTEMA: Miss\u00e3o e desafios dos crist\u00e3os leigos<br \/>\nPREGADOR: Gra\u00e7a Kruschewsky<br \/>\nCONVIDADOS: Comerciantes, comerci\u00e1rios e banc\u00e1rios e contadores<br \/>\nOFERTA DA NOITE: leite em p\u00f3<br \/>\nRESPONS\u00c1VEIS: Liliane, Marise, Patr\u00edcia, Ion\u00e1<br \/>\nCANTO: Hosana ( Comunidade Santa Cec\u00edlia)<br \/>\nLITURGIA: Evangelho: Mt 13,44-46\/ COR LIT\u00daRGICA: Branco<\/p>\n<p><strong>DIA 24\/08<\/strong> \u2013 S\u00c1BADO \u2013 NOVENA<br \/>\n18h: Santo Of\u00edcio (Legi\u00e3o de Maria)<br \/>\n19h: Novena<br \/>\nTEMA:&nbsp; A miss\u00e3o e o nosso compromisso com a Igreja de Cristo<br \/>\nPREGADOR: Amistron (Comunidade S\u00e3o Benedito \u2013 Itai\u00e1)<br \/>\nCONVIDADOS: Comunidades: S\u00e3o Francisco e Nossa Senhora D\u00b4Ajuda<br \/>\nOFERTA DA NOITE: material de limpeza<br \/>\nRespons\u00e1veis: Gra\u00e7a, Concei\u00e7\u00e3o<br \/>\nCANTO: Hosana ( Comunidade Santa Cec\u00edlia)<br \/>\nLITURGIA: Evangelho: Jo 1,45-51\/ COR LIT\u00daRGICA: Branco<\/p>\n<p><strong>Dia 25\/08<\/strong> &#8211; DOMINGO \u2013 FESTA DA PADROEIRA<br \/>\n6h: Alvorada<br \/>\n18h: Prociss\u00e3o logo em seguida a SANTA MISSA<br \/>\nRespons\u00e1veis: Rose Porto, Ernando, Pabline<br \/>\nCONVIDADOS: FAM\u00cdLIAS DO JARDIM VIT\u00d3RIA<br \/>\nCANTO PROCISS\u00c3O: Tiago<br \/>\nCANTO MISSA: Coral das Vit\u00f3rias<\/p>\n<p>&nbsp;<\/p>\n","protected":false},"excerpt":{"rendered":"<p>Os preparativos para a festa&nbsp; em louvor \u00e0 Nossa Senhora das Vit\u00f3rias em Itabuna (BA), &nbsp;tiveram in\u00edcio no \u00faltimo domingo (18). E no dia 25, acontece o ponto&nbsp;alto da festa da padroeira do bairro Jardim Vit\u00f3ria. O tema central da festa para este ano \u00e9:&#8221;Batizados e enviados: a Igreja&nbsp;de Cristo em miss\u00e3o no Jardim Vit\u00f3ria&#8221;.&nbsp;<\/p>\n<p><a class=\"btn btn-style\" href=\"https:\/\/portalcatolico.net\/portal\/nossa-senhora-das-vitorias-e-celebrada-em-itabuna-3\/\">Continue Reading<\/a><\/p>\n","protected":false},"author":2,"featured_media":66072,"comment_status":"open","ping_status":"open","sticky":false,"template":"","format":"standard","meta":{"footnotes":""},"categories":[68],"tags":[],"class_list":["post-66071","post","type-post","status-publish","format-standard","has-post-thumbnail","hentry","category-homilias"],"_links":{"self":[{"href":"https:\/\/portalcatolico.net\/portal\/wp-json\/wp\/v2\/posts\/66071","targetHints":{"allow":["GET"]}}],"collection":[{"href":"https:\/\/portalcatolico.net\/portal\/wp-json\/wp\/v2\/posts"}],"about":[{"href":"https:\/\/portalcatolico.net\/portal\/wp-json\/wp\/v2\/types\/post"}],"author":[{"embeddable":true,"href":"https:\/\/portalcatolico.net\/portal\/wp-json\/wp\/v2\/users\/2"}],"replies":[{"embeddable":true,"href":"https:\/\/portalcatolico.net\/portal\/wp-json\/wp\/v2\/comments?post=66071"}],"version-history":[{"count":1,"href":"https:\/\/portalcatolico.net\/portal\/wp-json\/wp\/v2\/posts\/66071\/revisions"}],"predecessor-version":[{"id":66074,"href":"https:\/\/portalcatolico.net\/portal\/wp-json\/wp\/v2\/posts\/66071\/revisions\/66074"}],"wp:featuredmedia":[{"embeddable":true,"href":"https:\/\/portalcatolico.net\/portal\/wp-json\/wp\/v2\/media\/66072"}],"wp:attachment":[{"href":"https:\/\/portalcatolico.net\/portal\/wp-json\/wp\/v2\/media?parent=66071"}],"wp:term":[{"taxonomy":"category","embeddable":true,"href":"https:\/\/portalcatolico.net\/portal\/wp-json\/wp\/v2\/categories?post=66071"},{"taxonomy":"post_tag","embeddable":true,"href":"https:\/\/portalcatolico.net\/portal\/wp-json\/wp\/v2\/tags?post=66071"}],"curies":[{"name":"wp","href":"https:\/\/api.w.org\/{rel}","templated":true}]}}