{"id":66068,"date":"2019-08-21T12:38:14","date_gmt":"2019-08-21T15:38:14","guid":{"rendered":"http:\/\/portalcatolico.net\/portal\/?p=66068"},"modified":"2019-08-21T12:38:14","modified_gmt":"2019-08-21T15:38:14","slug":"pe-telmo-celebra-34-anos-de-vida-presbiteral","status":"publish","type":"post","link":"https:\/\/portalcatolico.net\/portal\/pe-telmo-celebra-34-anos-de-vida-presbiteral\/","title":{"rendered":"Pe. Telmo celebra 34 anos de vida presbiteral"},"content":{"rendered":"<p>O p\u00e1roco da Par\u00f3quia Nossa Senhora da Concei\u00e7\u00e3o, da cidade de Arataca, no sul da Bahia, Pe. Telmo Soares Pinto,&nbsp;celebrou neste dia 18 de agosto, 34 anos de vida presbiteral, com uma&nbsp;Celebra\u00e7\u00e3o Eucar\u00edstica de A\u00e7\u00e3o de Gra\u00e7as.&nbsp;<br \/>\nAp\u00f3s a Celebra\u00e7\u00e3o Eucar\u00edstica, a festa continuou nas depend\u00eancias&nbsp; da&nbsp;Igreja , com direito a&nbsp; bolo e o tradicional parab\u00e9ns. Nas&nbsp;redes sociais, o padre recebeu v\u00e1rias mensagens carinhosas de amigos e religiosos.<\/p>\n<p>O sacerdote nasceu em 1952&nbsp;&nbsp;e sua ordena\u00e7\u00e3o sacerdotal aconteceu em 18 de agosto&nbsp;de 1985.<b><\/b><\/p>\n<p>Foto:Reprodu\u00e7\u00e3o\/Facebook<\/p>\n<p>Por:Reda\u00e7\u00e3o\/Portal Cat\u00f3lico.Net<\/p>\n","protected":false},"excerpt":{"rendered":"<p>O p\u00e1roco da Par\u00f3quia Nossa Senhora da Concei\u00e7\u00e3o, da cidade de Arataca, no sul da Bahia, Pe. Telmo Soares Pinto,&nbsp;celebrou neste dia 18 de agosto, 34 anos de vida presbiteral, com uma&nbsp;Celebra\u00e7\u00e3o Eucar\u00edstica de A\u00e7\u00e3o de Gra\u00e7as.&nbsp; Ap\u00f3s a Celebra\u00e7\u00e3o Eucar\u00edstica, a festa continuou nas depend\u00eancias&nbsp; da&nbsp;Igreja , com direito a&nbsp; bolo e o tradicional&nbsp;<\/p>\n<p><a class=\"btn btn-style\" href=\"https:\/\/portalcatolico.net\/portal\/pe-telmo-celebra-34-anos-de-vida-presbiteral\/\">Continue Reading<\/a><\/p>\n","protected":false},"author":2,"featured_media":66069,"comment_status":"open","ping_status":"open","sticky":false,"template":"","format":"standard","meta":{"footnotes":""},"categories":[3],"tags":[],"class_list":["post-66068","post","type-post","status-publish","format-standard","has-post-thumbnail","hentry","category-noticias_regionais"],"_links":{"self":[{"href":"https:\/\/portalcatolico.net\/portal\/wp-json\/wp\/v2\/posts\/66068","targetHints":{"allow":["GET"]}}],"collection":[{"href":"https:\/\/portalcatolico.net\/portal\/wp-json\/wp\/v2\/posts"}],"about":[{"href":"https:\/\/portalcatolico.net\/portal\/wp-json\/wp\/v2\/types\/post"}],"author":[{"embeddable":true,"href":"https:\/\/portalcatolico.net\/portal\/wp-json\/wp\/v2\/users\/2"}],"replies":[{"embeddable":true,"href":"https:\/\/portalcatolico.net\/portal\/wp-json\/wp\/v2\/comments?post=66068"}],"version-history":[{"count":1,"href":"https:\/\/portalcatolico.net\/portal\/wp-json\/wp\/v2\/posts\/66068\/revisions"}],"predecessor-version":[{"id":66070,"href":"https:\/\/portalcatolico.net\/portal\/wp-json\/wp\/v2\/posts\/66068\/revisions\/66070"}],"wp:featuredmedia":[{"embeddable":true,"href":"https:\/\/portalcatolico.net\/portal\/wp-json\/wp\/v2\/media\/66069"}],"wp:attachment":[{"href":"https:\/\/portalcatolico.net\/portal\/wp-json\/wp\/v2\/media?parent=66068"}],"wp:term":[{"taxonomy":"category","embeddable":true,"href":"https:\/\/portalcatolico.net\/portal\/wp-json\/wp\/v2\/categories?post=66068"},{"taxonomy":"post_tag","embeddable":true,"href":"https:\/\/portalcatolico.net\/portal\/wp-json\/wp\/v2\/tags?post=66068"}],"curies":[{"name":"wp","href":"https:\/\/api.w.org\/{rel}","templated":true}]}}