{"id":66050,"date":"2019-08-20T00:40:49","date_gmt":"2019-08-20T03:40:49","guid":{"rendered":"http:\/\/portalcatolico.net\/portal\/?p=66050"},"modified":"2019-08-19T20:42:00","modified_gmt":"2019-08-19T23:42:00","slug":"festa-de-nossa-senhora-rainha-dos-anjos-e-celebrada-em-itabuna","status":"publish","type":"post","link":"https:\/\/portalcatolico.net\/portal\/festa-de-nossa-senhora-rainha-dos-anjos-e-celebrada-em-itabuna\/","title":{"rendered":"Festa de Nossa Senhora Rainha dos Anjos \u00e9 celebrada em Itabuna."},"content":{"rendered":"<div dir=\"auto\">Os fieis da Igreja Cat\u00f3lica est\u00e3o vivenciando o Tr\u00edduo&nbsp;em homenagem \u00e0 Nossa Senhora Rainha dos Anjos, padroeira do bairro Nova Calif\u00f3rnia na cidade e diocese de Itabuna, no sul da Bahia.&nbsp;<\/div>\n<div dir=\"auto\">Os preparativos t\u00eam in\u00edcio nesta segunda \u2013feira, 19, e segue at\u00e9 o dia dedicado \u00e0 santa, dia 22 de agosto, com celebra\u00e7\u00e3o todas as noites, com o tema: &#8220;Maria, ensina nos ser igreja de comunh\u00e3o e participa\u00e7\u00e3o.&#8221;&nbsp;<\/div>\n<div dir=\"auto\">A comunidade comp\u00f5e a par\u00f3quia Nossa Senhora Aparecida, que fica situada no bairro Calif\u00f3rnia e tem como p\u00e1roco, o Pe. Ezequias Gon\u00e7alves.<\/div>\n<div dir=\"auto\">&nbsp;<\/div>\n<div dir=\"auto\"><strong>Conhe\u00e7a um pouco a hist\u00f3ria da santa:<\/strong><\/div>\n<div dir=\"auto\">&nbsp;<\/div>\n<div dir=\"auto\">A Liturgia Sagrada j\u00e1 invoca a M\u00e3e de Deus com os t\u00edtulos de Rainha dos&nbsp;Anjos e tamb\u00e9m: M\u00e3e de Deus com os t\u00edtulos de Rainha dos Anjos, dos Patriarcas, Profetas, Ap\u00f3stolos e M\u00e1rtires, dos confessores, das Virgens e de todos os Santos.Rainha&nbsp;Imaculada, Rainha do Sant\u00edssimo Ros\u00e1rio, Rainha da Paz e Rainha&nbsp;<\/div>\n<div dir=\"auto\">assunta ao c\u00e9u.<\/div>\n<div dir=\"auto\">Nossa Senhora, verdadeira M\u00e3e de Jesus Cristo, Rei do Universo, \u00e9 invocada, com o t\u00edtulo de Rainha do C\u00e9u e da Terra. Antigamente, a festa da realeza de Nossa Senhora era celebrada no dia 31 de maio. Hoje, a liturgia colocou a mem\u00f3ria logo depois da Solenidade da Assun\u00e7\u00e3o de&nbsp;Maria ao c\u00e9u, em 15 de agosto, sendo a festa de Nossa Senhora Rainha dos Anjos no dia 22 de agosto.<\/div>\n<div dir=\"auto\">Este lindo t\u00edtulo de Nossa Senhora possui origens franciscanas. A Ordem dos Frades Menores \u00e9 propriet\u00e1ria da grandiosa bas\u00edlica de Santa Maria dos Anjos, que est\u00e1 situada em uma plan\u00edcie perto de Assis, na It\u00e1lia.&nbsp;<\/div>\n<div dir=\"auto\">Dentro da bas\u00edlica existe a capela da Porci\u00fancula, que foi onde S\u00e3o&nbsp;Francisco faleceu.&nbsp;<\/div>\n<div dir=\"auto\">O local \u00e9 considerado como o lugar onde foi fundada a Ordem Franciscana.<\/div>\n<div dir=\"auto\">O Frei Tom\u00e1s de Celano, autor da primeira biografia de S\u00e3o Francisco, conta sobre o quanto o santo amava aquele lugar dedicado \u00e0 Nossa Senhora denominado &#8220;Porci\u00fancula&#8221;, que significa Pedacinho: &#8220;O santo teve uma&nbsp;prefer\u00eancia especial por esse lugar, quis que os frades o venerassem de maneira toda particular e quis que fosse conservado como espelho de toda a sua Ordem na humildade e na alt\u00edssima pobreza, deixando sua&nbsp;propriedade para outros e reservando para si e para os seus apenas o uso (&#8230;) O bem-aventurado pai dizia que lhe tinha sido revelado por Deus que Nossa Senhora tinha uma predile\u00e7\u00e3o por aquele lugar, entre todas as igrejas constru\u00eddas no mundo em sua honra. E era por isso que o santo gostava mais dela que das outras&#8221;. (Tom\u00e1s de Celano, Vida II, Primeiro Livro, cap. 12).<\/div>\n<div dir=\"auto\">&nbsp;<\/div>\n<div dir=\"auto\">A Porci\u00fancula foi a capela onde S\u00e3o Francisco recebeu a grandiosa&nbsp;indulg\u00eancia do &#8220;Dia do Perd\u00e3o&#8221;, comemorado todos os anos no dia 2 de&nbsp;agosto. At\u00e9 os dias atuais, a festa do Perd\u00e3o \u00e9 uma das festas mais&nbsp;importantes para a Ordem Franciscana. Muito tempo depois, Papa Pio XII&nbsp;estendeu a indulg\u00eancia para toda a Igreja Cat\u00f3lica.<\/div>\n<div dir=\"auto\">Existem seis par\u00f3quias dedicadas Nossa Senhora Rainha dos Anjos no&nbsp;Brasil. Existem tamb\u00e9m maravilhosos conventos e templos nas cidades de&nbsp;Cabo Frio (RJ), Penedo (Alagoas), e Ouro Preto (MG).<\/div>\n","protected":false},"excerpt":{"rendered":"<p>Os fieis da Igreja Cat\u00f3lica est\u00e3o vivenciando o Tr\u00edduo&nbsp;em homenagem \u00e0 Nossa Senhora Rainha dos Anjos, padroeira do bairro Nova Calif\u00f3rnia na cidade e diocese de Itabuna, no sul da Bahia.&nbsp; Os preparativos t\u00eam in\u00edcio nesta segunda \u2013feira, 19, e segue at\u00e9 o dia dedicado \u00e0 santa, dia 22 de agosto, com celebra\u00e7\u00e3o todas as&nbsp;<\/p>\n<p><a class=\"btn btn-style\" href=\"https:\/\/portalcatolico.net\/portal\/festa-de-nossa-senhora-rainha-dos-anjos-e-celebrada-em-itabuna\/\">Continue Reading<\/a><\/p>\n","protected":false},"author":2,"featured_media":66051,"comment_status":"open","ping_status":"open","sticky":false,"template":"","format":"standard","meta":{"footnotes":""},"categories":[1],"tags":[],"class_list":["post-66050","post","type-post","status-publish","format-standard","has-post-thumbnail","hentry","category-agenda"],"_links":{"self":[{"href":"https:\/\/portalcatolico.net\/portal\/wp-json\/wp\/v2\/posts\/66050","targetHints":{"allow":["GET"]}}],"collection":[{"href":"https:\/\/portalcatolico.net\/portal\/wp-json\/wp\/v2\/posts"}],"about":[{"href":"https:\/\/portalcatolico.net\/portal\/wp-json\/wp\/v2\/types\/post"}],"author":[{"embeddable":true,"href":"https:\/\/portalcatolico.net\/portal\/wp-json\/wp\/v2\/users\/2"}],"replies":[{"embeddable":true,"href":"https:\/\/portalcatolico.net\/portal\/wp-json\/wp\/v2\/comments?post=66050"}],"version-history":[{"count":3,"href":"https:\/\/portalcatolico.net\/portal\/wp-json\/wp\/v2\/posts\/66050\/revisions"}],"predecessor-version":[{"id":66054,"href":"https:\/\/portalcatolico.net\/portal\/wp-json\/wp\/v2\/posts\/66050\/revisions\/66054"}],"wp:featuredmedia":[{"embeddable":true,"href":"https:\/\/portalcatolico.net\/portal\/wp-json\/wp\/v2\/media\/66051"}],"wp:attachment":[{"href":"https:\/\/portalcatolico.net\/portal\/wp-json\/wp\/v2\/media?parent=66050"}],"wp:term":[{"taxonomy":"category","embeddable":true,"href":"https:\/\/portalcatolico.net\/portal\/wp-json\/wp\/v2\/categories?post=66050"},{"taxonomy":"post_tag","embeddable":true,"href":"https:\/\/portalcatolico.net\/portal\/wp-json\/wp\/v2\/tags?post=66050"}],"curies":[{"name":"wp","href":"https:\/\/api.w.org\/{rel}","templated":true}]}}