{"id":66047,"date":"2019-08-19T20:36:28","date_gmt":"2019-08-19T23:36:28","guid":{"rendered":"http:\/\/portalcatolico.net\/portal\/?p=66047"},"modified":"2019-08-19T22:09:07","modified_gmt":"2019-08-20T01:09:07","slug":"inscricoes-abertas-para-o-10-encontro-com-cristo","status":"publish","type":"post","link":"https:\/\/portalcatolico.net\/portal\/inscricoes-abertas-para-o-10-encontro-com-cristo\/","title":{"rendered":"Inscri\u00e7\u00f5es abertas para o 10\u00b0 Encontro com Cristo"},"content":{"rendered":"<div dir=\"auto\">A Pastoral Familiar Diocesana realizar\u00e1 nos dias 05 e 06 de outubro&nbsp; o 10\u00b0 Encontro com Cristo (EC) a ser realizado nas depend\u00eancias do Col\u00e9gio Professor Josu\u00e9 Brand\u00e3o, que fica situada no bairro Santo Ant\u00f4nio em Itabuna (BA). Com o tema:&#8221;Sirva a Deus,entregue-se a ele&#8221;.<\/div>\n<div dir=\"auto\">O Encontro com Cristo \u00e9 um movimento inserido na Pastoral Familiar, no setor casos&nbsp;especiais, voltado para as fam\u00edlias incompletas. Ser\u00e1 destinado aos&nbsp;&nbsp;vi\u00favos e vi\u00favos, solteiros, desquitados.<\/div>\n<div dir=\"auto\">A Pastoral Familiar e a&nbsp; Diocese de Itabuna, no sul da Bahia&nbsp; atrav\u00e9s do&nbsp;Setor Casos Especiais procura acolher, integrar e abra\u00e7ar a todas essas&nbsp;fam\u00edlias, como atitudes de miseric\u00f3rdia de todos n\u00f3s crist\u00e3os.<\/div>\n<div dir=\"auto\">Na oportunidade&nbsp; encontram-se abertas as inscri\u00e7\u00f5es nas secretarias das&nbsp;par\u00f3quias da diocese de Itabuna.Vagas limitadas!&nbsp; Participe!<\/div>\n<div dir=\"auto\">Outras informa\u00e7\u00f5es,por telefone (73) 9 8801-2939<\/div>\n","protected":false},"excerpt":{"rendered":"<p>A Pastoral Familiar Diocesana realizar\u00e1 nos dias 05 e 06 de outubro&nbsp; o 10\u00b0 Encontro com Cristo (EC) a ser realizado nas depend\u00eancias do Col\u00e9gio Professor Josu\u00e9 Brand\u00e3o, que fica situada no bairro Santo Ant\u00f4nio em Itabuna (BA). Com o tema:&#8221;Sirva a Deus,entregue-se a ele&#8221;. O Encontro com Cristo \u00e9 um movimento inserido na Pastoral&nbsp;<\/p>\n<p><a class=\"btn btn-style\" href=\"https:\/\/portalcatolico.net\/portal\/inscricoes-abertas-para-o-10-encontro-com-cristo\/\">Continue Reading<\/a><\/p>\n","protected":false},"author":2,"featured_media":66048,"comment_status":"open","ping_status":"open","sticky":false,"template":"","format":"standard","meta":{"footnotes":""},"categories":[4],"tags":[],"class_list":["post-66047","post","type-post","status-publish","format-standard","has-post-thumbnail","hentry","category-destaques"],"_links":{"self":[{"href":"https:\/\/portalcatolico.net\/portal\/wp-json\/wp\/v2\/posts\/66047","targetHints":{"allow":["GET"]}}],"collection":[{"href":"https:\/\/portalcatolico.net\/portal\/wp-json\/wp\/v2\/posts"}],"about":[{"href":"https:\/\/portalcatolico.net\/portal\/wp-json\/wp\/v2\/types\/post"}],"author":[{"embeddable":true,"href":"https:\/\/portalcatolico.net\/portal\/wp-json\/wp\/v2\/users\/2"}],"replies":[{"embeddable":true,"href":"https:\/\/portalcatolico.net\/portal\/wp-json\/wp\/v2\/comments?post=66047"}],"version-history":[{"count":4,"href":"https:\/\/portalcatolico.net\/portal\/wp-json\/wp\/v2\/posts\/66047\/revisions"}],"predecessor-version":[{"id":66058,"href":"https:\/\/portalcatolico.net\/portal\/wp-json\/wp\/v2\/posts\/66047\/revisions\/66058"}],"wp:featuredmedia":[{"embeddable":true,"href":"https:\/\/portalcatolico.net\/portal\/wp-json\/wp\/v2\/media\/66048"}],"wp:attachment":[{"href":"https:\/\/portalcatolico.net\/portal\/wp-json\/wp\/v2\/media?parent=66047"}],"wp:term":[{"taxonomy":"category","embeddable":true,"href":"https:\/\/portalcatolico.net\/portal\/wp-json\/wp\/v2\/categories?post=66047"},{"taxonomy":"post_tag","embeddable":true,"href":"https:\/\/portalcatolico.net\/portal\/wp-json\/wp\/v2\/tags?post=66047"}],"curies":[{"name":"wp","href":"https:\/\/api.w.org\/{rel}","templated":true}]}}