{"id":66021,"date":"2019-08-18T09:20:24","date_gmt":"2019-08-18T12:20:24","guid":{"rendered":"http:\/\/portalcatolico.net\/portal\/?p=66021"},"modified":"2019-08-18T09:20:24","modified_gmt":"2019-08-18T12:20:24","slug":"papa-aos-fieis-de-paris-reconstrucao-da-notre-dame-e-sinal-de-renascimento-da-fe","status":"publish","type":"post","link":"https:\/\/portalcatolico.net\/portal\/papa-aos-fieis-de-paris-reconstrucao-da-notre-dame-e-sinal-de-renascimento-da-fe\/","title":{"rendered":"Papa aos fi\u00e9is de Paris: reconstru\u00e7\u00e3o da Notre-Dame \u00e9 sinal de renascimento da f\u00e9"},"content":{"rendered":"<div class=\"article__subTitle\">A proximidade de Francisco \u00e0 comunidade cat\u00f3lica francesa se deu durante uma missa nesta quinta-feira (15), na Igreja de Saint-Sulpice. O Pont\u00edfice enviou uma mensagem mencionando a reconstru\u00e7\u00e3o da Catedral de Notre-Dame, assinada pelo secret\u00e1rio de Estado, Card. Pietro Parolin, que foi lida ao final da celebra\u00e7\u00e3o.<\/div>\n<div>\n<p>A mensagem do Papa Francisco, assinada pelo secret\u00e1rio de Estado do Vaticano, Card. Pietro Parolin, foi lida ao final da missa desta quinta-feira (15), na Igreja de Saint-Sulpice, em Paris, por ocasi\u00e3o da Solenidade da Assun\u00e7\u00e3o de Nossa Senhora.<\/p>\n<div>\n<div class=\"article__embed article__embed--unwrap\">\n<figure><img loading=\"lazy\" decoding=\"async\" class=\"alignnone  wp-image-66022\" src=\"http:\/\/portalcatolico.net\/portal\/wp-content\/uploads\/2019\/08\/cq5dam.thumbnail.cropped.750.422-1-1-300x169.jpeg\" alt=\"\" width=\"698\" height=\"393\" srcset=\"https:\/\/portalcatolico.net\/portal\/wp-content\/uploads\/2019\/08\/cq5dam.thumbnail.cropped.750.422-1-1-300x169.jpeg 300w, https:\/\/portalcatolico.net\/portal\/wp-content\/uploads\/2019\/08\/cq5dam.thumbnail.cropped.750.422-1-1.jpeg 750w\" sizes=\"auto, (max-width: 698px) 100vw, 698px\" \/><\/figure>\n<div class=\"photo_embed--Title\">O inc\u00eandio na catedral, em abril<\/div>\n<\/div>\n<\/div>\n<p>Depois de quatro meses do inc\u00eandio que devastou parte da Catedral de Notre-Dame, na noite de 15 de abril, a diocese promoveu a tradicional prociss\u00e3o da Virgem Maria com centenas de fi\u00e9is, que come\u00e7ou na ponte Saint-Louis. Com os ter\u00e7os em m\u00e3o, entoaram a Ave Maria e caminharam em dire\u00e7\u00e3o \u00e0 Igreja de Saint-Sulpice, onde o arcebispo Michel Aupetit presidiu a missa. Na oportunidade, como sempre, o prelado renovou \u201cos votos\u201d do rei Lu\u00eds XIII que consagrou a Fran\u00e7a a Maria, em 10 de fevereiro de 1683.<\/p>\n<p>A proximidade do Papa aos fi\u00e9is de Paris<\/p>\n<p>Para a ocasi\u00e3o, o Papa Francisco enviou a mensagem para assegurar \u201ca sua proximidade espiritual\u201d aos fi\u00e9is. No texto, que foi lido ao final da celebra\u00e7\u00e3o eucar\u00edstica pelo reitor da Catedral de Notre-Dame, Dom Patrick Chauvet, o Pont\u00edfice lembrou que, \u201ccomo uma verdadeira m\u00e3e, Maria caminha conosco, luta conosco e dissemina incansavelmente a proximidade do amor de Deus. Compartilha a hist\u00f3ria de cada povo que recebeu o Evangelho e que agora faz parte da sua identidade hist\u00f3rica&#8221;.<\/p>\n<div>\n<div class=\"article__embed article__embed--border embed_style\">\n<blockquote><p>\u201c O Santo Padre pede tamb\u00e9m a Deus, pela intercess\u00e3o de Nossa Senhora, que a reconstru\u00e7\u00e3o da sua joia arquitet\u00f4nica seja um sinal forte do renascimento e da revitaliza\u00e7\u00e3o da f\u00e9 em seus fi\u00e9is. Cheios de esperan\u00e7a, ser\u00e3o para as suas fam\u00edlias, para as suas comunidades e lugares de vida, construtores de uma nova humanidade enraizada em Jesus Cristo. \u201d<\/p><\/blockquote>\n<\/div>\n<\/div>\n<\/div>\n<div class=\"title__separator\"><b>Por Andressa Collet\/Vatican News<\/b><\/div>\n","protected":false},"excerpt":{"rendered":"<p>A proximidade de Francisco \u00e0 comunidade cat\u00f3lica francesa se deu durante uma missa nesta quinta-feira (15), na Igreja de Saint-Sulpice. O Pont\u00edfice enviou uma mensagem mencionando a reconstru\u00e7\u00e3o da Catedral de Notre-Dame, assinada pelo secret\u00e1rio de Estado, Card. Pietro Parolin, que foi lida ao final da celebra\u00e7\u00e3o. A mensagem do Papa Francisco, assinada pelo secret\u00e1rio&nbsp;<\/p>\n<p><a class=\"btn btn-style\" href=\"https:\/\/portalcatolico.net\/portal\/papa-aos-fieis-de-paris-reconstrucao-da-notre-dame-e-sinal-de-renascimento-da-fe\/\">Continue Reading<\/a><\/p>\n","protected":false},"author":2,"featured_media":66023,"comment_status":"open","ping_status":"open","sticky":false,"template":"","format":"standard","meta":{"footnotes":""},"categories":[5],"tags":[],"class_list":["post-66021","post","type-post","status-publish","format-standard","has-post-thumbnail","hentry","category-igreja_no_mundo"],"_links":{"self":[{"href":"https:\/\/portalcatolico.net\/portal\/wp-json\/wp\/v2\/posts\/66021","targetHints":{"allow":["GET"]}}],"collection":[{"href":"https:\/\/portalcatolico.net\/portal\/wp-json\/wp\/v2\/posts"}],"about":[{"href":"https:\/\/portalcatolico.net\/portal\/wp-json\/wp\/v2\/types\/post"}],"author":[{"embeddable":true,"href":"https:\/\/portalcatolico.net\/portal\/wp-json\/wp\/v2\/users\/2"}],"replies":[{"embeddable":true,"href":"https:\/\/portalcatolico.net\/portal\/wp-json\/wp\/v2\/comments?post=66021"}],"version-history":[{"count":1,"href":"https:\/\/portalcatolico.net\/portal\/wp-json\/wp\/v2\/posts\/66021\/revisions"}],"predecessor-version":[{"id":66024,"href":"https:\/\/portalcatolico.net\/portal\/wp-json\/wp\/v2\/posts\/66021\/revisions\/66024"}],"wp:featuredmedia":[{"embeddable":true,"href":"https:\/\/portalcatolico.net\/portal\/wp-json\/wp\/v2\/media\/66023"}],"wp:attachment":[{"href":"https:\/\/portalcatolico.net\/portal\/wp-json\/wp\/v2\/media?parent=66021"}],"wp:term":[{"taxonomy":"category","embeddable":true,"href":"https:\/\/portalcatolico.net\/portal\/wp-json\/wp\/v2\/categories?post=66021"},{"taxonomy":"post_tag","embeddable":true,"href":"https:\/\/portalcatolico.net\/portal\/wp-json\/wp\/v2\/tags?post=66021"}],"curies":[{"name":"wp","href":"https:\/\/api.w.org\/{rel}","templated":true}]}}