{"id":66018,"date":"2019-08-18T08:32:55","date_gmt":"2019-08-18T11:32:55","guid":{"rendered":"http:\/\/portalcatolico.net\/portal\/?p=66018"},"modified":"2019-08-18T08:32:55","modified_gmt":"2019-08-18T11:32:55","slug":"celebra-hoje-santa-helena-a-protetora-da-fe-crista","status":"publish","type":"post","link":"https:\/\/portalcatolico.net\/portal\/celebra-hoje-santa-helena-a-protetora-da-fe-crista\/","title":{"rendered":"Celebra hoje Santa Helena \u2013 A Protetora da F\u00e9 Crist\u00e3"},"content":{"rendered":"<div>\n<p>Celebra-se em 18 de Agosto o dia de&nbsp;<strong>Santa Helena<\/strong>, uma mulher que dedicou sua vida \u00e0 religiosidade e tornou-se representa\u00e7\u00e3o de&nbsp;<strong>f\u00e9<\/strong>, coragem e amor. Ela \u00e9 um exemplo da mulher crist\u00e3 e m\u00e3e, quis batizar-se logo ap\u00f3s uma dif\u00edcil conquista do seu filho, que foi interpretada por ela como um aviso de Cristo e milagre Divino. Passou sua vida demonstrando grande fervor, construindo&nbsp;<strong>Igrejas<\/strong>&nbsp;e levando a palavra de&nbsp;<strong>Deus<\/strong>&nbsp;a diversos lugares considerados&nbsp;<strong>santos<\/strong>.<\/p>\n<p><strong>Santa Helena<\/strong>&nbsp;\u00e9 apresentada vestida como rainha,&nbsp; segurando a Cruz ou indicando o seu local. Ela tamb\u00e9m j\u00e1 foi representada como a que supervisiona a procura da Cruz ou como uma senhora medieval. A&nbsp;<strong>Igreja<\/strong>&nbsp;sempre a venerou e ser\u00e1 grata a ela pela decisiva participa\u00e7\u00e3o \u00e0 favor da liberdade religiosa.<\/p>\n<\/div>\n<div>\n<p>Helena nasceu por volta do ano 250, em Bit\u00ednia (no norte da Turquia e junto ao Mar Negro). Era filha de um hoteleiro e em sua juventude era muito formosa.<\/p>\n<p>Um dia, passou por essas terras um general muito famoso do ex\u00e9rcito romano, chamado Const\u00e2ncio Cloro. Eles se apaixonaram e se casaram. O casal teve um filho chamado Constantino.<\/p>\n<p>Anos mais tarde, o imperador de Roma, Maximiliano, ofereceu a Const\u00e2ncio Cloro um cargo como seu colaborador mais pr\u00f3ximo, mas com a condi\u00e7\u00e3o de que repudiasse sua esposa Helena e se casasse com sua filha. Deixando-se levar por sua ambi\u00e7\u00e3o de poder, Const\u00e2ncio repudiou Helena.<\/p>\n<p>A santa sofreu um abandono humilhante durante 14 anos. Entretanto, em meio \u00e0 solid\u00e3o, conheceu Deus e se converteu ao cristianismo.<\/p>\n<p>Quando Const\u00e2ncio morreu, Constantino foi proclamado imperador pelo ex\u00e9rcito.<\/p>\n<p>Antes da batalha de Saxa Rubra contra seus inimigos na ponte Milvio, em Roma, Constantino teve um sonho em que Cristo lhe mostrava a cruz e dizia: \u201cCom este sinal vencer\u00e1s\u201d. No dia seguinte, o imperador levou a Cruz no combate e venceu.<\/p>\n<p>Ap\u00f3s a vit\u00f3ria no ano 313, Constantino decretou a livre profiss\u00e3o da religi\u00e3o cat\u00f3lica e expandiu o cristianismo por todo o imp\u00e9rio.<\/p>\n<p>Constantino amava imensamente sua m\u00e3e Helena e a nomeou Augusta ou imperatriz. Mandou fazer moedas com a figura dela e lhe deu plenos poderes para empregar o dinheiro do governo nas obras de caridade que ela quisesse.<\/p>\n<p>Helena foi a Jerusal\u00e9m para buscar a Santa Cruz, levando consigo um grupo de trabalhadores que realizaram escava\u00e7\u00f5es no Monte Calv\u00e1rio e a encontraram.<\/p>\n<p>No ano 326, a santa mandou trazer a Escada Santa do pal\u00e1cio de P\u00f4ncio Pilatos de Jerusal\u00e9m. Segundo a tradi\u00e7\u00e3o, Cristo subiu por ela na Sexta-feira Santa ao pal\u00e1cio para ser julgado e derramou sobre ela suas gotas de sangue. Est\u00e1 localizada em frente \u00e0 Bas\u00edlica de S\u00e3o Jo\u00e3o de Latr\u00e3o, em Roma. Em 1723, foi forrada com madeira de nogueira para preserv\u00e1-la dos desgastes, j\u00e1 que milhares de peregrinos sobem continuamente por ela de joelhos.<\/p>\n<p>Santo Ambr\u00f3sio narra que, apesar de ser a m\u00e3e do imperador, Santa Helena se vestia com simplicidade, ficava em meio aos pobres e utilizava o dinheiro que seu filho lhe dava para distribuir esmolas. Tamb\u00e9m era muito piedosa e passava muitas horas rezando no templo.<\/p>\n<p>Na Terra Santa, construiu tr\u00eas templos: um no Calv\u00e1rio, outro sobre o Monte das Oliveiras e o terceiro em Bel\u00e9m.<\/p>\n<\/div>\n<div>&nbsp;<\/div>\n<p>&nbsp;<\/p>\n","protected":false},"excerpt":{"rendered":"<p>Celebra-se em 18 de Agosto o dia de&nbsp;Santa Helena, uma mulher que dedicou sua vida \u00e0 religiosidade e tornou-se representa\u00e7\u00e3o de&nbsp;f\u00e9, coragem e amor. Ela \u00e9 um exemplo da mulher crist\u00e3 e m\u00e3e, quis batizar-se logo ap\u00f3s uma dif\u00edcil conquista do seu filho, que foi interpretada por ela como um aviso de Cristo e milagre&nbsp;<\/p>\n<p><a class=\"btn btn-style\" href=\"https:\/\/portalcatolico.net\/portal\/celebra-hoje-santa-helena-a-protetora-da-fe-crista\/\">Continue Reading<\/a><\/p>\n","protected":false},"author":2,"featured_media":66019,"comment_status":"open","ping_status":"open","sticky":false,"template":"","format":"standard","meta":{"footnotes":""},"categories":[69],"tags":[],"class_list":["post-66018","post","type-post","status-publish","format-standard","has-post-thumbnail","hentry","category-artigos"],"_links":{"self":[{"href":"https:\/\/portalcatolico.net\/portal\/wp-json\/wp\/v2\/posts\/66018","targetHints":{"allow":["GET"]}}],"collection":[{"href":"https:\/\/portalcatolico.net\/portal\/wp-json\/wp\/v2\/posts"}],"about":[{"href":"https:\/\/portalcatolico.net\/portal\/wp-json\/wp\/v2\/types\/post"}],"author":[{"embeddable":true,"href":"https:\/\/portalcatolico.net\/portal\/wp-json\/wp\/v2\/users\/2"}],"replies":[{"embeddable":true,"href":"https:\/\/portalcatolico.net\/portal\/wp-json\/wp\/v2\/comments?post=66018"}],"version-history":[{"count":1,"href":"https:\/\/portalcatolico.net\/portal\/wp-json\/wp\/v2\/posts\/66018\/revisions"}],"predecessor-version":[{"id":66020,"href":"https:\/\/portalcatolico.net\/portal\/wp-json\/wp\/v2\/posts\/66018\/revisions\/66020"}],"wp:featuredmedia":[{"embeddable":true,"href":"https:\/\/portalcatolico.net\/portal\/wp-json\/wp\/v2\/media\/66019"}],"wp:attachment":[{"href":"https:\/\/portalcatolico.net\/portal\/wp-json\/wp\/v2\/media?parent=66018"}],"wp:term":[{"taxonomy":"category","embeddable":true,"href":"https:\/\/portalcatolico.net\/portal\/wp-json\/wp\/v2\/categories?post=66018"},{"taxonomy":"post_tag","embeddable":true,"href":"https:\/\/portalcatolico.net\/portal\/wp-json\/wp\/v2\/tags?post=66018"}],"curies":[{"name":"wp","href":"https:\/\/api.w.org\/{rel}","templated":true}]}}