{"id":65949,"date":"2019-08-14T19:45:02","date_gmt":"2019-08-14T22:45:02","guid":{"rendered":"http:\/\/portalcatolico.net\/portal\/?p=65949"},"modified":"2019-08-14T19:45:02","modified_gmt":"2019-08-14T22:45:02","slug":"corpo-de-irma-dulce-esta-incorrupto-e-sera-exposto-em-santuario","status":"publish","type":"post","link":"https:\/\/portalcatolico.net\/portal\/corpo-de-irma-dulce-esta-incorrupto-e-sera-exposto-em-santuario\/","title":{"rendered":"Corpo de Irm\u00e3 Dulce est\u00e1 \u2018incorrupto\u2019 e ser\u00e1 exposto em Santu\u00e1rio"},"content":{"rendered":"<p><em>T\u00famulo foi aberto e revelou surpresa; nesta ter\u00e7a-feira (13) missas homenageiam a santa<\/em><\/p>\n<p>Era madrugada de&nbsp;27 de maio de 2000 quando o t\u00famulo de Irm\u00e3 Dulce foi aberto pela primeira vez. O legista e o postulador do Vaticano, esp\u00e9cie de guia da canoniza\u00e7\u00e3o, mal puderam acreditar na preserva\u00e7\u00e3o do corpo.<\/p>\n<p>Repetiram mais duas vezes a opera\u00e7\u00e3o. Na \u00faltima, h\u00e1 um m\u00eas, ficaram todos perplexos. At\u00e9 o final de setembro deste ano, o corpo da baiana que ser\u00e1 proclamada santa em outubro ficar\u00e1 exposto, definitivamente, no Santu\u00e1rio, no Largo de Roma. Mais de 27 anos depois de sua morte, todos poder\u00e3o ver a resist\u00eancia da santa ao tempo.<\/p>\n<p>Os cat\u00f3licos falam num raro caso de incorrup\u00e7\u00e3o em Irm\u00e3 Dulce, para quem \u00e9 dedicada uma&nbsp;<strong>festa lit\u00fargica nesta ter\u00e7a-feira (13)<\/strong>. O corpo incorrupto, ou seja, aquele que n\u00e3o se decomp\u00f4s ap\u00f3s a morte, \u00e9 venerado pela Igreja Cat\u00f3lica como um sinal de virtude e gra\u00e7a. A integridade do corpo \u00e9 diretamente relacionada \u00e0 integridade da alma. \u201cSe voc\u00ea observar, est\u00e1 tudo igual\u201d, diz o frei Giovanni Messias, reitor do Santu\u00e1rio. O religioso evita falar sobre a \u00faltima exuma\u00e7\u00e3o, considerada sigilosa.&nbsp;<\/p>\n<p>O padroeiro de Salvador, S\u00e3o Francisco Xavier, \u00e9 outro santo que passou por um processo semelhante e, at\u00e9 hoje, est\u00e1 exposto numa igreja italiana (veja outros casos abaixo). Na sacristia da Catedral Bas\u00edlica de Salvador,&nbsp;\u00e9 poss\u00edvel ver uma gota do&nbsp;que se defende como sangue do religioso destacada em um busto de prata.&nbsp;<\/p>\n<div class=\"code-block code-block-9\">&nbsp;<\/div>\n<figure class=\"wp-block-image size-large\"><img decoding=\"async\" class=\"wp-image-8665 lazy-loaded\" src=\"https:\/\/www.templariodemaria.com.br\/wp-content\/uploads\/2019\/08\/dulce-incorrupto-2.jpeg\" sizes=\"(max-width: 576px) 100vw, 576px\" srcset=\"https:\/\/www.templariodemaria.com.br\/wp-content\/uploads\/2019\/08\/dulce-incorrupto-2.jpeg 576w, https:\/\/www.templariodemaria.com.br\/wp-content\/uploads\/2019\/08\/dulce-incorrupto-2-173x300.jpeg 173w\" alt=\"\" data-lazy-type=\"image\" data-src=\"https:\/\/www.templariodemaria.com.br\/wp-content\/uploads\/2019\/08\/dulce-incorrupto-2.jpeg\" data-srcset=\"\"><figcaption>Corpo de Irma Dulce ficou em exposi\u00e7\u00e3o em 2010 (Foto: Ant\u00f4nio Queiroz\/CORREIO)<\/p>\n<\/figcaption><\/figure>\n<h3><strong>Urna de vidro<\/strong><\/h3>\n<p>O corpo de Dulce ser\u00e1 envolto numa urna de vidro e permanecer\u00e1 no mesmo lugar onde est\u00e1 h\u00e1 nove anos. Antes, em junho de 2010, numa das fases da beatifica\u00e7\u00e3o, os fi\u00e9is tamb\u00e9m puderam ver Dulce&nbsp;na Capela das Rel\u00edquias, na Igreja da Imaculada Concei\u00e7\u00e3o da M\u00e3e de Deus.<\/p>\n<p>A exuma\u00e7\u00e3o \u00e9 um dos processos envolvidos da beatifica\u00e7\u00e3o \u00e0 canoniza\u00e7\u00e3o. A realizada em julho deste ano foi a \u00faltima de&nbsp;tr\u00eas no total. A primeira, ainda na Igreja da Concei\u00e7\u00e3o da Praia, onde a religiosa foi sepultada, foi acompanhada por oito pessoas. O procedimento era necess\u00e1rio antes da transfer\u00eancia para a Capela, em 2011. Nenhum mau cheiro se alastrou pelo corredor.<\/p>\n<blockquote class=\"wp-block-quote\"><p><strong>\u201cFoi muito surpreendente. O m\u00e9dico e o postulador optaram tecnica e teologicamente em nem mexer em nada\u201d<\/strong>, recorda Osvaldo Gouveia Ribeiro, assessor de mem\u00f3ria e cultura da Obras Sociais Irm\u00e3 Dulce (Osid) e presidente da comiss\u00e3o hist\u00f3rica do processo de canoniza\u00e7\u00e3o.<\/p><\/blockquote>\n<p>O corpo deve passar por corre\u00e7\u00f5es artificiais no rosto antes da exposi\u00e7\u00e3o, como ocorrem em outros casos, como o de Padre Vitor, beato exposto na cidade de Tr\u00eas Pontas, em Minas Gerais. De santa, no entanto, h\u00e1 s\u00f3 Irm\u00e3 Dulce no Brasil.<\/p>\n<p>O arcebispo de Salvador, dom Murilo Krieger, a Osid&nbsp;e o postulado tiveram encontros que resultaram na ideia de deixar Dulce exposta a todos no santu\u00e1rio. No m\u00eas passado, segundo a Osid, oito mil pessoas visitaram o local onde est\u00e1 o t\u00famulo de Dulce, guardado por uma vela que simboliza o sagrado. No ch\u00e3o, est\u00e3o flores e cartas de pedidos. &nbsp;<\/p>\n<h3><strong>Corpo pode ter passado por mumifica\u00e7\u00e3o<\/strong><\/h3>\n<p>O corpo de Irm\u00e3 Dulce foi examinado, ap\u00f3s a morte, pela legista Maria Thereza de Medeiros Pacheco, ex-diretora do Instituto M\u00e9dico Legal Nina Rodrigues (IMLNR), falecida em 2010. A reportagem tentou levantar junto ao Departamento de Pol\u00edcia T\u00e9cnica (DPT) detalhes sobre a autopsia, mas n\u00e3o houve retorno at\u00e9 o fechamento desta reportagem. \u00c9 que a ci\u00eancia pode ser capaz de justificar a preserva\u00e7\u00e3o de um corpo, a depender dos materiais utilizados para o embalsamento, t\u00e9cnica para prevenir o apodrecimento. &nbsp;<\/p>\n<p>O m\u00e9dico legista Raul Barreto explica que cada caso depende, por exemplo, da quantidade de formol utilizada, dos medicamentos usados&nbsp;antes da morte e das condi\u00e7\u00f5es ambientais. A ingest\u00e3o de antibi\u00f3ticos, por exemplo, pode retardar a a\u00e7\u00e3o das bact\u00e9rias que decomp\u00f5em o corpo num per\u00edodo m\u00e9dio de dois anos. J\u00e1 a desidrata\u00e7\u00e3o pode levar a um estado de mumifica\u00e7\u00e3o, quando as bact\u00e9rias deixam de atuar por interven\u00e7\u00f5es&nbsp;externas ou naturais.<\/p>\n<blockquote class=\"wp-block-quote\"><p><strong>\u201cO corpo perde toda a \u00e1gua e at\u00e9 as bact\u00e9rias deixam de agir. Hoje, voc\u00ea tem m\u00famias eg\u00edpcias de tr\u00eas mil anos\u201d<\/strong>, detalha o m\u00e9dico. &nbsp;<\/p><\/blockquote>\n<p>Os ambientes \u00e1ridos e secos, a depender do posicionamento do sol em rela\u00e7\u00e3o \u00e0 sepultura, tamb\u00e9m afetam a preserva\u00e7\u00e3o. E \u00e9 justamente por isso que os religiosos acreditam num fator divino de preserva\u00e7\u00e3o. \u201cAqui \u00e9 muito \u00famido, o corpo por si s\u00f3 j\u00e1 fica sob essas condi\u00e7\u00f5es. \u00c9 surpreendente que tenha acontecido isso com ela\u201d, refor\u00e7a o frei Giovanni.<\/p>\n<p>Hoje, o&nbsp;corpo j\u00e1 \u00e9 considerado uma rel\u00edquia. Na hist\u00f3ria da Igreja Cat\u00f3lica, objetos e peda\u00e7os considerados santos sempre foram venerados. S\u00e3o separados por graus, como enumera o frei. &nbsp;<\/p>\n<p>As rel\u00edquias de primeira ordem, as mais importantes, incluem ossos e part\u00edculas de sangue; os de segunda ordem, objetos que tocaram um corpo santo; e a \u00faltima ordem \u00e9 composta por elementos que tiveram contato com esses objetos.<\/p>\n<p>A historiadora Luciana Onety afirma que as rel\u00edquias sagradas s\u00e3o vistas como portadoras de poderes m\u00e1gicos, poss\u00edveis de curar e proteger. Nas ra\u00edzes do cristianismo mais primitivo, a igreja j\u00e1 incentivava a venera\u00e7\u00e3o dos elementos considerados santos.<\/p>\n<blockquote class=\"wp-block-quote\"><p><strong>\u201cQuanto mais rel\u00edquias sagradas a igreja tem, mais protegida ela est\u00e1. Isso se idealizou no pensamento crist\u00e3o, nas irmandades\u2026&nbsp;Desde o in\u00edcio, as partes do corpo eram veneradas. N\u00e3o existe atestamento pela ci\u00eancia, mas \u00e9 uma quest\u00e3o de f\u00e9\u201d<\/strong>.<\/p><\/blockquote>\n<p>E por falar em f\u00e9, todos os meses, h\u00e1 cinco anos, Maria Cl\u00e1udia, 41, cultua as rel\u00edquias de Irm\u00e3 Dulce ap\u00f3s a cura de um c\u00e2ncer. \u201cEu agrade\u00e7o muito a ela. Nem conhecia, ouvi no hospital [Aristidez Maltez] e rezo todas as vezes, aqui, para agradecer\u201d, diz Maria, moradora de Olindina, no Nordeste do estado. &nbsp;<\/p>\n<p>No Memorial Irm\u00e3 Dulce, instalado ao lado da Osid, \u00e9 poss\u00edvel ver o ter\u00e7o e a medalha que se encontravam junto ao corpo de Dulce, a fita e o lacre de seu caix\u00e3o e uma parte do caix\u00e3o onde esteve sepultada, na Concei\u00e7\u00e3o da Praia, de 1992 a 2000. &nbsp;<\/p>\n<p>A oportunidade de ver o corpo santo separado apenas por um vidro, e t\u00e3o pr\u00f3ximo, ainda n\u00e3o foi divulgada oficialmente. Talvez seja a primeira vez de muitos baianos desde o sepultamento, rodeado de m\u00edstica e curiosidade. No dia do vel\u00f3rio na Concei\u00e7\u00e3o da Praia, em&nbsp;13 de mar\u00e7o de 1992, por exemplo, a fam\u00edlia precisou adiar a cerim\u00f4nia por 24 horas.<\/p>\n<p>A recomenda\u00e7\u00e3o tinha sido da pol\u00edcia, que dava como certa a possibilidade de uma invas\u00e3o \u00e0 bas\u00edlica, de tanta como\u00e7\u00e3o ao lado de fora. Na Pra\u00e7a da Inglaterra, milhares de pessoas formaram filas para v\u00ea-la.<\/p>\n<h3><strong>Santos incorruptos&nbsp;<\/strong><\/h3>\n<ul>\n<li><strong>S\u00e3o Francisco Xavier&nbsp;<\/strong><\/li>\n<\/ul>\n<p>O santo considerado padroeiro de Salvador morreu em 1552, na China, e j\u00e1 foi exposto 17 vezes na Bas\u00edlica do Bom Jesus, do Patriarcado de Goa, na \u00cdndia.&nbsp;<\/p>\n<ul>\n<li><strong>Padre Pio&nbsp;<\/strong><\/li>\n<\/ul>\n<p>Padre Pio foi um capuchinho e morreu em 1968, na Igreja de Santa Maria das Gra\u00e7as, localizada em San Giovanni Rotondo, na It\u00e1lia. Seu corpo foi exumado no in\u00edcio de 2008 e, desde ent\u00e3o, se encontra em exposi\u00e7\u00e3o em uma urna de vidro.&nbsp;<\/p>\n<ul>\n<li><strong>Santa Rita de C\u00e1ssia&nbsp;<\/strong><\/li>\n<\/ul>\n<p>A santa das causas imposs\u00edveis morreu em 1457, e seu corpo incorrupto pode ser visitado na Bas\u00edlica de Santa Rita em Cascia, na It\u00e1lia. &nbsp;<\/p>\n<ul>\n<li><strong>Santa Catarina de Bolonha&nbsp;<\/strong><\/li>\n<\/ul>\n<p>Encontra-se at\u00e9 hoje, mais de 500 anos depois de sua morte, na Capela da Ordem das Clarissas da Igreja de Corpus Domini em Bolonha, na It\u00e1lia, e o seu corpo est\u00e1 protegido por uma redoma vidro. &nbsp;<\/p>\n<ul>\n<li><strong>Santa Bernadete de Lourdes&nbsp;<\/strong><\/li>\n<\/ul>\n<p>O corpo de Santa Bernadete de Lourdes, falecida, passou por tr\u00eas exuma\u00e7\u00f5es e em todas permanecia preservado. &nbsp;<\/p>\n<p><em>Reportagem:&nbsp;Correio<\/em><\/p>\n","protected":false},"excerpt":{"rendered":"<p>T\u00famulo foi aberto e revelou surpresa; nesta ter\u00e7a-feira (13) missas homenageiam a santa Era madrugada de&nbsp;27 de maio de 2000 quando o t\u00famulo de Irm\u00e3 Dulce foi aberto pela primeira vez. O legista e o postulador do Vaticano, esp\u00e9cie de guia da canoniza\u00e7\u00e3o, mal puderam acreditar na preserva\u00e7\u00e3o do corpo. Repetiram mais duas vezes a&nbsp;<\/p>\n<p><a class=\"btn btn-style\" href=\"https:\/\/portalcatolico.net\/portal\/corpo-de-irma-dulce-esta-incorrupto-e-sera-exposto-em-santuario\/\">Continue Reading<\/a><\/p>\n","protected":false},"author":2,"featured_media":65950,"comment_status":"open","ping_status":"open","sticky":false,"template":"","format":"standard","meta":{"footnotes":""},"categories":[4],"tags":[],"class_list":["post-65949","post","type-post","status-publish","format-standard","has-post-thumbnail","hentry","category-destaques"],"_links":{"self":[{"href":"https:\/\/portalcatolico.net\/portal\/wp-json\/wp\/v2\/posts\/65949","targetHints":{"allow":["GET"]}}],"collection":[{"href":"https:\/\/portalcatolico.net\/portal\/wp-json\/wp\/v2\/posts"}],"about":[{"href":"https:\/\/portalcatolico.net\/portal\/wp-json\/wp\/v2\/types\/post"}],"author":[{"embeddable":true,"href":"https:\/\/portalcatolico.net\/portal\/wp-json\/wp\/v2\/users\/2"}],"replies":[{"embeddable":true,"href":"https:\/\/portalcatolico.net\/portal\/wp-json\/wp\/v2\/comments?post=65949"}],"version-history":[{"count":1,"href":"https:\/\/portalcatolico.net\/portal\/wp-json\/wp\/v2\/posts\/65949\/revisions"}],"predecessor-version":[{"id":65951,"href":"https:\/\/portalcatolico.net\/portal\/wp-json\/wp\/v2\/posts\/65949\/revisions\/65951"}],"wp:featuredmedia":[{"embeddable":true,"href":"https:\/\/portalcatolico.net\/portal\/wp-json\/wp\/v2\/media\/65950"}],"wp:attachment":[{"href":"https:\/\/portalcatolico.net\/portal\/wp-json\/wp\/v2\/media?parent=65949"}],"wp:term":[{"taxonomy":"category","embeddable":true,"href":"https:\/\/portalcatolico.net\/portal\/wp-json\/wp\/v2\/categories?post=65949"},{"taxonomy":"post_tag","embeddable":true,"href":"https:\/\/portalcatolico.net\/portal\/wp-json\/wp\/v2\/tags?post=65949"}],"curies":[{"name":"wp","href":"https:\/\/api.w.org\/{rel}","templated":true}]}}