{"id":65918,"date":"2019-08-12T12:40:24","date_gmt":"2019-08-12T15:40:24","guid":{"rendered":"http:\/\/portalcatolico.net\/portal\/?p=65918"},"modified":"2019-08-12T12:44:22","modified_gmt":"2019-08-12T15:44:22","slug":"confira-a-programacao-da-semana-nacional-da-familia-em-itabuna-e-participe","status":"publish","type":"post","link":"https:\/\/portalcatolico.net\/portal\/confira-a-programacao-da-semana-nacional-da-familia-em-itabuna-e-participe\/","title":{"rendered":"Confira a programa\u00e7\u00e3o da Semana Nacional da Fam\u00edlia em Itabuna e participe!"},"content":{"rendered":"<p>A Pastoral Familiar e a Comiss\u00e3o&nbsp;Episcopal Pastoral Para a Vida e a Fam\u00edlia da Confer\u00eancia Nacional dos&nbsp;Bispos do Brasil (CNBB), deram in\u00edcio \u00e0 celebra\u00e7\u00e3o da Semana Nacional das&nbsp;Fam\u00edlias que segue at\u00e9 o dia 17 de agosto em de todo o Brasil.<br \/>\nEste ano, em espec\u00edfico, a Semana Nacional da Fam\u00edlia tem como&nbsp;inspira\u00e7\u00e3o os pilares das novas Diretrizes da A\u00e7\u00e3o Evangelizadora da&nbsp;Igreja no Brasil 2019-2023 e traz como tem\u00e1tica &#8220;A fam\u00edlia, como vai?&#8221;,&nbsp;que celebra o jubileu de prata \u2013 25 anos \u2013 da Campanha da Fraternidade&nbsp;de 1994.<br \/>\n&nbsp; Na diocese de Itabuna, no sul da Bahia, a Semana Nacional da Fam\u00edlia&nbsp;teve sua abertura neste domingo (11\/08), dia dedicado aos pais. Uma programa\u00e7\u00e3o especial ser\u00e1 realizada em todas as&nbsp; par\u00f3quias da Faronia centro, que s\u00e3o compostas por 14&nbsp;par\u00f3quias, um Tr\u00edduo nos dias 12, 13 e 14.<\/p>\n<p>Na par\u00f3quia Santa Rita de C\u00e1ssia, situada no bairro S\u00e3o Caetano, em Itabuna, por exemplo, tamb\u00e9m ser\u00e1&nbsp;realizado um Tr\u00edduo, que&nbsp;acontecer\u00e1 em tr\u00eas comunidades pertencentes&nbsp;\u00e0 igreja matriz de Santa Rita de C\u00e1ssia.<br \/>\n&nbsp; &nbsp; &nbsp; &nbsp; &nbsp; &nbsp; &nbsp; &nbsp; &nbsp; &nbsp; &nbsp; &nbsp; &nbsp; &nbsp; &nbsp; &nbsp; &nbsp; &nbsp; &nbsp; &nbsp; &nbsp; &nbsp; &nbsp; &nbsp;<strong>Confira a programa\u00e7\u00e3o nas comunidades:<\/strong><\/p>\n<p><strong>Dia 12\/08 segunda-feira \u2013 1\u00b0 Encontro-\u00e1s 19:30h<\/strong><br \/>\nTema: &#8220;Familia e inicia\u00e7\u00e3o a vida crist\u00e3&#8221;<br \/>\nLocal: Comunidade de Santa Luzia no Bairro Carlos Silva<\/p>\n<p><strong>Dia 13\/08, ter\u00e7a-feira -2\u00b0&nbsp; Encontro -\u00e1s 19:30h<\/strong><br \/>\nTema: &#8220;Matrim\u00f4nio e fam\u00edlia no plano de Deus&#8221;.<br \/>\nLocal: Comunidade Nossa Senhora de Lourdes do Bairro Fonseca<\/p>\n<p><strong>Dia 14\/08 quarta-feira 3\u00b0 Encontro &#8211; \u00e1s 19:30h<\/strong><br \/>\nTema: &#8220;A realidade da fam\u00edlia&nbsp; contempor\u00e2neo&#8221;.<br \/>\nLocal: Comunidade S\u00e3o Paulo Ap\u00f3stolo do Bairro Novo S\u00e3o Caetano<\/p>\n<p>Vale ressaltar que nos dias 15, 16 e 17, a concentra\u00e7\u00e3o acontecer\u00e1 na&nbsp;Pra\u00e7a Camacan, no centro da cidade de Itabuna.<br \/>\nNo dia 18,&nbsp;&nbsp;o encerramento da Semana da Fam\u00edlia ser\u00e1 na Pra\u00e7a Camacan, com&nbsp;a santa missa \u00e1s 16:00h. Vale ressaltar que neste dia, n\u00e3o haver\u00e1 missa em nenhuma par\u00f3quia de Itabuna, pela tarde,pois todos os padres estar\u00e3o concelebrando com&nbsp;&nbsp;o&nbsp;bispo Dom Carlos Alberto dos Santos, na pra\u00e7a Camacan.<\/p>\n","protected":false},"excerpt":{"rendered":"<p>A Pastoral Familiar e a Comiss\u00e3o&nbsp;Episcopal Pastoral Para a Vida e a Fam\u00edlia da Confer\u00eancia Nacional dos&nbsp;Bispos do Brasil (CNBB), deram in\u00edcio \u00e0 celebra\u00e7\u00e3o da Semana Nacional das&nbsp;Fam\u00edlias que segue at\u00e9 o dia 17 de agosto em de todo o Brasil. Este ano, em espec\u00edfico, a Semana Nacional da Fam\u00edlia tem como&nbsp;inspira\u00e7\u00e3o os pilares das&nbsp;<\/p>\n<p><a class=\"btn btn-style\" href=\"https:\/\/portalcatolico.net\/portal\/confira-a-programacao-da-semana-nacional-da-familia-em-itabuna-e-participe\/\">Continue Reading<\/a><\/p>\n","protected":false},"author":2,"featured_media":65919,"comment_status":"open","ping_status":"open","sticky":false,"template":"","format":"standard","meta":{"footnotes":""},"categories":[4],"tags":[],"class_list":["post-65918","post","type-post","status-publish","format-standard","has-post-thumbnail","hentry","category-destaques"],"_links":{"self":[{"href":"https:\/\/portalcatolico.net\/portal\/wp-json\/wp\/v2\/posts\/65918","targetHints":{"allow":["GET"]}}],"collection":[{"href":"https:\/\/portalcatolico.net\/portal\/wp-json\/wp\/v2\/posts"}],"about":[{"href":"https:\/\/portalcatolico.net\/portal\/wp-json\/wp\/v2\/types\/post"}],"author":[{"embeddable":true,"href":"https:\/\/portalcatolico.net\/portal\/wp-json\/wp\/v2\/users\/2"}],"replies":[{"embeddable":true,"href":"https:\/\/portalcatolico.net\/portal\/wp-json\/wp\/v2\/comments?post=65918"}],"version-history":[{"count":3,"href":"https:\/\/portalcatolico.net\/portal\/wp-json\/wp\/v2\/posts\/65918\/revisions"}],"predecessor-version":[{"id":65922,"href":"https:\/\/portalcatolico.net\/portal\/wp-json\/wp\/v2\/posts\/65918\/revisions\/65922"}],"wp:featuredmedia":[{"embeddable":true,"href":"https:\/\/portalcatolico.net\/portal\/wp-json\/wp\/v2\/media\/65919"}],"wp:attachment":[{"href":"https:\/\/portalcatolico.net\/portal\/wp-json\/wp\/v2\/media?parent=65918"}],"wp:term":[{"taxonomy":"category","embeddable":true,"href":"https:\/\/portalcatolico.net\/portal\/wp-json\/wp\/v2\/categories?post=65918"},{"taxonomy":"post_tag","embeddable":true,"href":"https:\/\/portalcatolico.net\/portal\/wp-json\/wp\/v2\/tags?post=65918"}],"curies":[{"name":"wp","href":"https:\/\/api.w.org\/{rel}","templated":true}]}}