{"id":65916,"date":"2019-08-12T12:34:03","date_gmt":"2019-08-12T15:34:03","guid":{"rendered":"http:\/\/portalcatolico.net\/portal\/?p=65916"},"modified":"2019-08-12T12:34:03","modified_gmt":"2019-08-12T15:34:03","slug":"homenagens-a-irma-dulce-continuam-em-salvador","status":"publish","type":"post","link":"https:\/\/portalcatolico.net\/portal\/homenagens-a-irma-dulce-continuam-em-salvador\/","title":{"rendered":"Homenagens a Irm\u00e3 Dulce continuam em Salvador"},"content":{"rendered":"<p>At\u00e9 o dia 13 de agosto,&nbsp;&nbsp;Irm\u00e3 Dulce ser\u00e1 homenageada na capital baiana na novena que tem como tema: &#8220;Irm\u00e3 Dulce, uma santa do nosso tempo. Somos todos chamados&nbsp;\u00e0 santidade e s\u00f3 os santos podem renovar a humanidade&#8221;.<br \/>\n&nbsp; A&nbsp; novena teve in\u00edcio no dia 4 deste m\u00eas e est\u00e1 sendo&nbsp;realizada no Santu\u00e1rio dedicado \u00e0 primeira santa nascida no Brasil.<\/p>\n<p>V\u00e1rias atividades fazem parte da programa\u00e7\u00e3o das homenagens. Mas, o ponto alto da programa\u00e7\u00e3o ser\u00e1 no dia 13 de agosto, data oficial da&nbsp;festa lit\u00fargica de Irm\u00e3 Dulce, quando haver\u00e1 um dia inteiro de&nbsp;comemora\u00e7\u00f5es.<\/p>\n<p>Neste domingo, dia 11 de agosto, foi realizada uma caminhada de f\u00e9, com&nbsp;sa\u00edda \u00e0s 8h, do Santu\u00e1rio do Senhor do Bonfim, em dire\u00e7\u00e3o ao Santu\u00e1rio de&nbsp;Irm\u00e3 Dulce.<\/p>\n<p>No dia 13 de agosto, a programa\u00e7\u00e3o conta com missa solene presidida pelo&nbsp;Arcebispo da Arquidiocese de Salvador e primaz do Brasil, Dom Murilo&nbsp;Krieger, \u00e0s 9h. Haver\u00e1 uma segunda missa, \u00e0s 12h, e quermesse no&nbsp;estacionamento do Santu\u00e1rio entre 13h e 17h.<br \/>\n\u00c0s 17h, tem ora\u00e7\u00e3o do ter\u00e7o em devo\u00e7\u00e3o \u00e0 Bem-Aventurada Dulce dos Pobres&nbsp; e&nbsp;uma missa \u00e0s 18h, para encerrar as celebra\u00e7\u00f5es.<\/p>\n<p>A cerim\u00f4nia de canoniza\u00e7\u00e3o da futura santa acontece em 13 de outubro, na&nbsp;cidade Vaticano em Roma na It\u00e1lia. Ap\u00f3s a cerim\u00f4nia em Roma, a Arena&nbsp;Fonte Nova, em Salvador (BA), vai receber milhares de fieis de todo o&nbsp;Brasil, que&nbsp; ir\u00e3o participar de uma celebra\u00e7\u00e3o Eucar\u00edstica, em 20 de&nbsp;outubro de 2019. Ap\u00f3s a canoniza\u00e7\u00e3o, a Irm\u00e3 ir\u00e1 levar o nome santo de&nbsp;Santa Dulce dos Pobres e o dia ser\u00e1 celebrado em 13 de agosto, a partir&nbsp;do pr\u00f3ximo ano.<\/p>\n<p>Foto:Divulga\u00e7\u00e3o<\/p>\n<p>Informa\u00e7\u00f5es s\u00e3o das obras social de irma Dulce (OSID),com edi\u00e7\u00e3o e adapta\u00e7\u00e3o do&nbsp; Portal Cat\u00f3lico.Net<\/p>\n","protected":false},"excerpt":{"rendered":"<p>At\u00e9 o dia 13 de agosto,&nbsp;&nbsp;Irm\u00e3 Dulce ser\u00e1 homenageada na capital baiana na novena que tem como tema: &#8220;Irm\u00e3 Dulce, uma santa do nosso tempo. Somos todos chamados&nbsp;\u00e0 santidade e s\u00f3 os santos podem renovar a humanidade&#8221;. &nbsp; A&nbsp; novena teve in\u00edcio no dia 4 deste m\u00eas e est\u00e1 sendo&nbsp;realizada no Santu\u00e1rio dedicado \u00e0 primeira&nbsp;<\/p>\n<p><a class=\"btn btn-style\" href=\"https:\/\/portalcatolico.net\/portal\/homenagens-a-irma-dulce-continuam-em-salvador\/\">Continue Reading<\/a><\/p>\n","protected":false},"author":2,"featured_media":64557,"comment_status":"open","ping_status":"open","sticky":false,"template":"","format":"standard","meta":{"footnotes":""},"categories":[2],"tags":[],"class_list":["post-65916","post","type-post","status-publish","format-standard","has-post-thumbnail","hentry","category-eventos"],"_links":{"self":[{"href":"https:\/\/portalcatolico.net\/portal\/wp-json\/wp\/v2\/posts\/65916","targetHints":{"allow":["GET"]}}],"collection":[{"href":"https:\/\/portalcatolico.net\/portal\/wp-json\/wp\/v2\/posts"}],"about":[{"href":"https:\/\/portalcatolico.net\/portal\/wp-json\/wp\/v2\/types\/post"}],"author":[{"embeddable":true,"href":"https:\/\/portalcatolico.net\/portal\/wp-json\/wp\/v2\/users\/2"}],"replies":[{"embeddable":true,"href":"https:\/\/portalcatolico.net\/portal\/wp-json\/wp\/v2\/comments?post=65916"}],"version-history":[{"count":1,"href":"https:\/\/portalcatolico.net\/portal\/wp-json\/wp\/v2\/posts\/65916\/revisions"}],"predecessor-version":[{"id":65917,"href":"https:\/\/portalcatolico.net\/portal\/wp-json\/wp\/v2\/posts\/65916\/revisions\/65917"}],"wp:featuredmedia":[{"embeddable":true,"href":"https:\/\/portalcatolico.net\/portal\/wp-json\/wp\/v2\/media\/64557"}],"wp:attachment":[{"href":"https:\/\/portalcatolico.net\/portal\/wp-json\/wp\/v2\/media?parent=65916"}],"wp:term":[{"taxonomy":"category","embeddable":true,"href":"https:\/\/portalcatolico.net\/portal\/wp-json\/wp\/v2\/categories?post=65916"},{"taxonomy":"post_tag","embeddable":true,"href":"https:\/\/portalcatolico.net\/portal\/wp-json\/wp\/v2\/tags?post=65916"}],"curies":[{"name":"wp","href":"https:\/\/api.w.org\/{rel}","templated":true}]}}