{"id":65910,"date":"2019-08-12T06:06:15","date_gmt":"2019-08-12T09:06:15","guid":{"rendered":"http:\/\/portalcatolico.net\/portal\/?p=65910"},"modified":"2019-08-12T06:06:15","modified_gmt":"2019-08-12T09:06:15","slug":"cardeal-marc-oullet-preside-peregrinacao-internacional-de-agosto-em-fatima","status":"publish","type":"post","link":"https:\/\/portalcatolico.net\/portal\/cardeal-marc-oullet-preside-peregrinacao-internacional-de-agosto-em-fatima\/","title":{"rendered":"Cardeal Marc Oullet preside Peregrina\u00e7\u00e3o Internacional de Agosto, em F\u00e1tima"},"content":{"rendered":"<p>O prefeito da Congrega\u00e7\u00e3o para os Bispos, Cardeal Marc Oullet, preside \u00e0 Peregrina\u00e7\u00e3o Internacional Anivers\u00e1ria de agosto.<\/p>\n<p>Esta Peregrina\u00e7\u00e3o aniversaria a quarta das apari\u00e7\u00e3o de Nossa Senhora em F\u00e1tima, \u00fanica das seis apari\u00e7\u00f5es da Virgem que n\u00e3o aconteceu na Cova da Iria.<\/p>\n<p>\u00c9 tamb\u00e9m a \u00fanica apari\u00e7\u00e3o que n\u00e3o ocorreu em um dia 13 porque, nesse dia, em 1917, os tr\u00eas videntes estavam presos na cidade de Our\u00e9m.<\/p>\n<p>Nossa Senhora visitou os pastorinhos seis dias depois no local denominado Valinhos.<br \/>\nPor isso, no dia 19 de agosto, haver\u00e1 uma programa\u00e7\u00e3o noturna no Santu\u00e1rio para recordar essa apari\u00e7\u00e3o t\u00e3o diferenciada.<\/p>\n<p><strong>Programa da Peregrina\u00e7\u00e3o<\/strong><\/p>\n<p>O in\u00edcio da peregrina\u00e7\u00e3o tem lugar no dia 12, \u00e0s 18h30 na Capelinha das Apari\u00e7\u00f5es.<\/p>\n<p>\u00c0 noite, haver\u00e1 a recita\u00e7\u00e3o do Ros\u00e1rio, seguida da Prociss\u00e3o das Velas e Missa da Vig\u00edlia, no Recinto de Ora\u00e7\u00e3o, \u00e0s 21h30 e 22h00, respetivamente.<\/p>\n<p>A Missa no dia 13, come\u00e7a \u00e0s 10h00, e integrar\u00e1 a tradicional oferta do trigo, pelos peregrinos, no momento da apresenta\u00e7\u00e3o dos dons. Este \u00e9 ritual que se celebra desde 13 de agosto de 1940, quando um grupo de jovens da Juventude Agr\u00e1ria Cat\u00f3lica, de 17 par\u00f3quias da diocese de Leiria, ofereceu 30 alqueires de trigo destinados ao fabrico de h\u00f3stias para consumo no Santu\u00e1rio de F\u00e1tima.<\/p>\n<p>No ano passado, o Santu\u00e1rio recolheu 4.685 kg de trigo e 327 kg de farinha, oferecidos pelos peregrinos. Em 2018 foram consumidos no Santu\u00e1rio: 1 220 000 part\u00edculas; 11.000 h\u00f3stias m\u00e9dias e 400 h\u00f3stias grandes.<\/p>\n<p><strong>Cardeal Marc Oullet<\/strong><\/p>\n<p>Esta Peregrina\u00e7\u00e3o Internacional Anivers\u00e1ria ser\u00e1 presidida pelo cardeal Marc Oullet.&nbsp;<br \/>\nO ilustre presidente desta Peregrina\u00e7\u00e3o de agosto, atualmente, \u00e9 o Prefeito da Congrega\u00e7\u00e3o para os Bispos. Ele \u00e9 canadense, tendo nascido na prov\u00edncia do Quebec.<\/p>\n<p>Dom Marc Oullet foi criado cardeal pelo Papa Jo\u00e3o Paulo, em outubro de 2003.<br \/>\nFoi ordenado sacerdote da Companhia dos Padres de S\u00e3o Suplicio e \u00e9 doutor em Teologia Dogm\u00e1tica tendo realizado seus estudos na Pontif\u00edcia Universidade Gregoriana de Roma.<\/p>\n<p>Tendo sido consultor de v\u00e1rios dicast\u00e9rios da C\u00faria romana, al\u00e9m de prefeito da Congrega\u00e7\u00e3o dos Bispos, Dom Oullet preside a Pontif\u00edcia Comiss\u00e3o para a Am\u00e9rica Latina.<\/p>\n<p><strong>Muro de Berlim<\/strong><\/p>\n<p>Durante a Prociss\u00e3o das Velas, haver\u00e1 uma parada para ser feita uma ora\u00e7\u00e3o junto a um monumento que cont\u00e9m uma por\u00e7\u00e3o dos escombros do Muro de Berlim.<\/p>\n<p>Isto servir\u00e1 para recordar a rela\u00e7\u00e3o que tem Nossa Senhora de F\u00e1tima com o surgimento do comunismo no mundo.<\/p>\n<p>\u00c9 conhecido que Nossa Senhora afirmou em uma das apari\u00e7\u00f5es: &#8220;a Russia Espalhar\u00e1 seus erros pelo mundo&#8221; e que, justo naquela ocasi\u00e3o, esta sendo instalado o regime comunista na Russia que ela incumbiu-se de espalhar pelo mundo atrav\u00e9s de revolu\u00e7\u00f5es, guerras e atentados.<\/p>\n<p>Ser\u00e1 sem d\u00favida uma ora\u00e7\u00e3o em que se reconhece o acerto de uma profecia e um pedido pela Paz. (Gaudiumpress)<\/p>\n","protected":false},"excerpt":{"rendered":"<p>O prefeito da Congrega\u00e7\u00e3o para os Bispos, Cardeal Marc Oullet, preside \u00e0 Peregrina\u00e7\u00e3o Internacional Anivers\u00e1ria de agosto. Esta Peregrina\u00e7\u00e3o aniversaria a quarta das apari\u00e7\u00e3o de Nossa Senhora em F\u00e1tima, \u00fanica das seis apari\u00e7\u00f5es da Virgem que n\u00e3o aconteceu na Cova da Iria. \u00c9 tamb\u00e9m a \u00fanica apari\u00e7\u00e3o que n\u00e3o ocorreu em um dia 13 porque,&nbsp;<\/p>\n<p><a class=\"btn btn-style\" href=\"https:\/\/portalcatolico.net\/portal\/cardeal-marc-oullet-preside-peregrinacao-internacional-de-agosto-em-fatima\/\">Continue Reading<\/a><\/p>\n","protected":false},"author":2,"featured_media":65911,"comment_status":"open","ping_status":"open","sticky":false,"template":"","format":"standard","meta":{"footnotes":""},"categories":[5],"tags":[],"class_list":["post-65910","post","type-post","status-publish","format-standard","has-post-thumbnail","hentry","category-igreja_no_mundo"],"_links":{"self":[{"href":"https:\/\/portalcatolico.net\/portal\/wp-json\/wp\/v2\/posts\/65910","targetHints":{"allow":["GET"]}}],"collection":[{"href":"https:\/\/portalcatolico.net\/portal\/wp-json\/wp\/v2\/posts"}],"about":[{"href":"https:\/\/portalcatolico.net\/portal\/wp-json\/wp\/v2\/types\/post"}],"author":[{"embeddable":true,"href":"https:\/\/portalcatolico.net\/portal\/wp-json\/wp\/v2\/users\/2"}],"replies":[{"embeddable":true,"href":"https:\/\/portalcatolico.net\/portal\/wp-json\/wp\/v2\/comments?post=65910"}],"version-history":[{"count":1,"href":"https:\/\/portalcatolico.net\/portal\/wp-json\/wp\/v2\/posts\/65910\/revisions"}],"predecessor-version":[{"id":65912,"href":"https:\/\/portalcatolico.net\/portal\/wp-json\/wp\/v2\/posts\/65910\/revisions\/65912"}],"wp:featuredmedia":[{"embeddable":true,"href":"https:\/\/portalcatolico.net\/portal\/wp-json\/wp\/v2\/media\/65911"}],"wp:attachment":[{"href":"https:\/\/portalcatolico.net\/portal\/wp-json\/wp\/v2\/media?parent=65910"}],"wp:term":[{"taxonomy":"category","embeddable":true,"href":"https:\/\/portalcatolico.net\/portal\/wp-json\/wp\/v2\/categories?post=65910"},{"taxonomy":"post_tag","embeddable":true,"href":"https:\/\/portalcatolico.net\/portal\/wp-json\/wp\/v2\/tags?post=65910"}],"curies":[{"name":"wp","href":"https:\/\/api.w.org\/{rel}","templated":true}]}}