{"id":65904,"date":"2019-09-19T00:18:29","date_gmt":"2019-09-19T03:18:29","guid":{"rendered":"http:\/\/portalcatolico.net\/portal\/?p=65904"},"modified":"2019-09-18T20:17:18","modified_gmt":"2019-09-18T23:17:18","slug":"2a-caminhada-do-movimento-do-terco-dos-homens-da-diocese-de-itabuna-acontecera-em-setembro","status":"publish","type":"post","link":"https:\/\/portalcatolico.net\/portal\/2a-caminhada-do-movimento-do-terco-dos-homens-da-diocese-de-itabuna-acontecera-em-setembro\/","title":{"rendered":"2\u00aa caminhada do Movimento do Ter\u00e7o dos Homens da Diocese de Itabuna acontecer\u00e1 em setembro"},"content":{"rendered":"<p>No dia 22 de setembro, a partir das 7h30, ser\u00e1 realizada a 2\u00aa caminhada&nbsp;do Movimento do Ter\u00e7o dos Homens da Diocese de Itabuna, no sul da Bahia.&nbsp;<br \/>\nA concentra\u00e7\u00e3o e sa\u00edda da caminhada ser\u00e1 na par\u00f3quia Nossa Senhora da&nbsp;Concei\u00e7\u00e3o, localizada na Pra\u00e7a dos Capuchinhos, no bairro da Concei\u00e7\u00e3o, em Itabuna. A caminhada de f\u00e9 ser\u00e1 em dire\u00e7\u00e3o ao&nbsp;Col\u00e9gio A\u00e7\u00e3o Fraternal de Itabuna (AFI).<br \/>\nO evento \u00e9 aberto a toda as comunidades, n\u00e3o somente para homens,&nbsp;mas para toda a fam\u00edlia.<\/p>\n<p>Este ano em especial, por ser um domingo, muitas caravanas de outras cidades v\u00e3o poder participar.<\/p>\n<p>Monte sua&nbsp;caravana&nbsp; e participe deste Movimento da Igreja Cat\u00f3lica que \u00e9 um dos que mais&nbsp;crescem no pa\u00eds.<\/p>\n<p>Foto:Divulga\u00e7\u00e3o<\/p>\n<p>Texto:Reda\u00e7\u00e3o\/Portal Cat\u00f3lico.Net<\/p>\n<p><strong>Confira a programa\u00e7\u00e3o no cartaz abaixo.<\/strong><\/p>\n<p><img loading=\"lazy\" decoding=\"async\" class=\"alignnone wp-image-65905\" src=\"http:\/\/portalcatolico.net\/portal\/wp-content\/uploads\/2019\/08\/49ebf902-51c6-41ac-8609-eba79e090f1f-300x212.jpg\" alt=\"\" width=\"742\" height=\"524\" srcset=\"https:\/\/portalcatolico.net\/portal\/wp-content\/uploads\/2019\/08\/49ebf902-51c6-41ac-8609-eba79e090f1f-300x212.jpg 300w, https:\/\/portalcatolico.net\/portal\/wp-content\/uploads\/2019\/08\/49ebf902-51c6-41ac-8609-eba79e090f1f-768x543.jpg 768w, https:\/\/portalcatolico.net\/portal\/wp-content\/uploads\/2019\/08\/49ebf902-51c6-41ac-8609-eba79e090f1f-1024x724.jpg 1024w, https:\/\/portalcatolico.net\/portal\/wp-content\/uploads\/2019\/08\/49ebf902-51c6-41ac-8609-eba79e090f1f.jpg 1280w\" sizes=\"auto, (max-width: 742px) 100vw, 742px\" \/><\/p>\n","protected":false},"excerpt":{"rendered":"<p>No dia 22 de setembro, a partir das 7h30, ser\u00e1 realizada a 2\u00aa caminhada&nbsp;do Movimento do Ter\u00e7o dos Homens da Diocese de Itabuna, no sul da Bahia.&nbsp; A concentra\u00e7\u00e3o e sa\u00edda da caminhada ser\u00e1 na par\u00f3quia Nossa Senhora da&nbsp;Concei\u00e7\u00e3o, localizada na Pra\u00e7a dos Capuchinhos, no bairro da Concei\u00e7\u00e3o, em Itabuna. A caminhada de f\u00e9 ser\u00e1&nbsp;<\/p>\n<p><a class=\"btn btn-style\" href=\"https:\/\/portalcatolico.net\/portal\/2a-caminhada-do-movimento-do-terco-dos-homens-da-diocese-de-itabuna-acontecera-em-setembro\/\">Continue Reading<\/a><\/p>\n","protected":false},"author":2,"featured_media":64199,"comment_status":"open","ping_status":"open","sticky":false,"template":"","format":"standard","meta":{"footnotes":""},"categories":[1],"tags":[],"class_list":["post-65904","post","type-post","status-publish","format-standard","has-post-thumbnail","hentry","category-agenda"],"_links":{"self":[{"href":"https:\/\/portalcatolico.net\/portal\/wp-json\/wp\/v2\/posts\/65904","targetHints":{"allow":["GET"]}}],"collection":[{"href":"https:\/\/portalcatolico.net\/portal\/wp-json\/wp\/v2\/posts"}],"about":[{"href":"https:\/\/portalcatolico.net\/portal\/wp-json\/wp\/v2\/types\/post"}],"author":[{"embeddable":true,"href":"https:\/\/portalcatolico.net\/portal\/wp-json\/wp\/v2\/users\/2"}],"replies":[{"embeddable":true,"href":"https:\/\/portalcatolico.net\/portal\/wp-json\/wp\/v2\/comments?post=65904"}],"version-history":[{"count":5,"href":"https:\/\/portalcatolico.net\/portal\/wp-json\/wp\/v2\/posts\/65904\/revisions"}],"predecessor-version":[{"id":65915,"href":"https:\/\/portalcatolico.net\/portal\/wp-json\/wp\/v2\/posts\/65904\/revisions\/65915"}],"wp:featuredmedia":[{"embeddable":true,"href":"https:\/\/portalcatolico.net\/portal\/wp-json\/wp\/v2\/media\/64199"}],"wp:attachment":[{"href":"https:\/\/portalcatolico.net\/portal\/wp-json\/wp\/v2\/media?parent=65904"}],"wp:term":[{"taxonomy":"category","embeddable":true,"href":"https:\/\/portalcatolico.net\/portal\/wp-json\/wp\/v2\/categories?post=65904"},{"taxonomy":"post_tag","embeddable":true,"href":"https:\/\/portalcatolico.net\/portal\/wp-json\/wp\/v2\/tags?post=65904"}],"curies":[{"name":"wp","href":"https:\/\/api.w.org\/{rel}","templated":true}]}}