{"id":65845,"date":"2019-08-06T23:38:43","date_gmt":"2019-08-07T02:38:43","guid":{"rendered":"http:\/\/portalcatolico.net\/portal\/?p=65845"},"modified":"2019-08-07T19:41:19","modified_gmt":"2019-08-07T22:41:19","slug":"festejos-de-nossa-senhora-da-boa-viagem-acontece-em-dias-davila","status":"publish","type":"post","link":"https:\/\/portalcatolico.net\/portal\/festejos-de-nossa-senhora-da-boa-viagem-acontece-em-dias-davila\/","title":{"rendered":"Festejos de Nossa Senhora da Boa Viagem acontece em Dias d\u00b4\u00c1vila"},"content":{"rendered":"<p>A Par\u00f3quia Nossa Senhora da Boa Viagem se prepara para festejar sua padroeira, com o tema \u201cMaria, m\u00e3e da unidade\u201d, o noven\u00e1rio inicia nesta ter\u00e7a (06), e segue at\u00e9 dia 14 de agosto, \u00e0s 19h, na Igreja Matriz, localizada no Centro de Dias d\u00b4\u00c1vila.<\/p>\n<p>Esse ano os Dias davilenses ter\u00e3o a oportunidade de rezar com a imagem do Senhor do Bonfim, que chegou na cidade no in\u00edcio da tarde desta ter\u00e7a, vinda da Bas\u00edlica, em Salvador, a imagem ficar\u00e1 presente durante todo o noven\u00e1rio. Outra novidade \u00e9 a missa do vaqueiro e cavalgada crist\u00e3, que ser\u00e1 realizada no domingo (11\/08), \u00e0s 10h. Cada noite ap\u00f3s o noven\u00e1rio haver\u00e1 quermesse e apresenta\u00e7\u00f5es musicais.<\/p>\n<p>Durante a novena os fi\u00e9is s\u00e3o convidados a conhecer os diversos servi\u00e7os e pastorais existentes na par\u00f3quia como afirma o P\u00e1roco Pe Alex Almeida:<\/p>\n<p><em>\u201cNeste ano em todo o decorrer da novena e festa queremos homenagear as nossas pastorais, grupos e movimentos eclesiais, com o convite gentil a ora\u00e7\u00e3o, a contemplar, adorar e celebrar a partir da via de Maria, o sagrado sacrif\u00edcio eucar\u00edstico. Como tamb\u00e9m desejamos aprofundar e comunicar a beleza de sermos Igreja em todos os ambientes e acontecimentos da nossa vida. Bem verdade que toda a a\u00e7\u00e3o pastoral \u00e9 uma extens\u00e3o da presen\u00e7a de Cristo no mundo\u201d<\/em>.&nbsp;&nbsp;<\/p>\n<p><strong>No dia festivo e feriado municipal, 15 de agosto, haver\u00e1 uma programa\u00e7\u00e3o diferenciada ao longo do dia com hor\u00e1rios especiais de missa, confira:<\/strong><\/p>\n<p>05h30 &#8211; Alvorada<\/p>\n<p>06h &#8211; Oficio de Nossa Senhora<\/p>\n<p>08h &#8211; Missa pelos Idosos e Enfermos<\/p>\n<p>10h &#8211; Missa pelas Crian\u00e7as<\/p>\n<p>18h &#8211; Prociss\u00e3o saindo da Par\u00f3quia Santo Ant\u00f4nio de Santana Galv\u00e3o.<\/p>\n<p>19h &#8211; Missa Solene das Comunidades na Igreja Matriz Nossa Senhora da Boa Viagem.<\/p>\n<p>Fonte:CNI<\/p>\n","protected":false},"excerpt":{"rendered":"<p>A Par\u00f3quia Nossa Senhora da Boa Viagem se prepara para festejar sua padroeira, com o tema \u201cMaria, m\u00e3e da unidade\u201d, o noven\u00e1rio inicia nesta ter\u00e7a (06), e segue at\u00e9 dia 14 de agosto, \u00e0s 19h, na Igreja Matriz, localizada no Centro de Dias d\u00b4\u00c1vila. Esse ano os Dias davilenses ter\u00e3o a oportunidade de rezar com&nbsp;<\/p>\n<p><a class=\"btn btn-style\" href=\"https:\/\/portalcatolico.net\/portal\/festejos-de-nossa-senhora-da-boa-viagem-acontece-em-dias-davila\/\">Continue Reading<\/a><\/p>\n","protected":false},"author":2,"featured_media":65846,"comment_status":"open","ping_status":"open","sticky":false,"template":"","format":"standard","meta":{"footnotes":""},"categories":[4],"tags":[],"class_list":["post-65845","post","type-post","status-publish","format-standard","has-post-thumbnail","hentry","category-destaques"],"_links":{"self":[{"href":"https:\/\/portalcatolico.net\/portal\/wp-json\/wp\/v2\/posts\/65845","targetHints":{"allow":["GET"]}}],"collection":[{"href":"https:\/\/portalcatolico.net\/portal\/wp-json\/wp\/v2\/posts"}],"about":[{"href":"https:\/\/portalcatolico.net\/portal\/wp-json\/wp\/v2\/types\/post"}],"author":[{"embeddable":true,"href":"https:\/\/portalcatolico.net\/portal\/wp-json\/wp\/v2\/users\/2"}],"replies":[{"embeddable":true,"href":"https:\/\/portalcatolico.net\/portal\/wp-json\/wp\/v2\/comments?post=65845"}],"version-history":[{"count":1,"href":"https:\/\/portalcatolico.net\/portal\/wp-json\/wp\/v2\/posts\/65845\/revisions"}],"predecessor-version":[{"id":65847,"href":"https:\/\/portalcatolico.net\/portal\/wp-json\/wp\/v2\/posts\/65845\/revisions\/65847"}],"wp:featuredmedia":[{"embeddable":true,"href":"https:\/\/portalcatolico.net\/portal\/wp-json\/wp\/v2\/media\/65846"}],"wp:attachment":[{"href":"https:\/\/portalcatolico.net\/portal\/wp-json\/wp\/v2\/media?parent=65845"}],"wp:term":[{"taxonomy":"category","embeddable":true,"href":"https:\/\/portalcatolico.net\/portal\/wp-json\/wp\/v2\/categories?post=65845"},{"taxonomy":"post_tag","embeddable":true,"href":"https:\/\/portalcatolico.net\/portal\/wp-json\/wp\/v2\/tags?post=65845"}],"curies":[{"name":"wp","href":"https:\/\/api.w.org\/{rel}","templated":true}]}}