{"id":65836,"date":"2019-08-07T19:16:07","date_gmt":"2019-08-07T22:16:07","guid":{"rendered":"http:\/\/portalcatolico.net\/portal\/?p=65836"},"modified":"2019-08-07T19:19:54","modified_gmt":"2019-08-07T22:19:54","slug":"vem-ai-a-6a-edicao-do-sos-juventude","status":"publish","type":"post","link":"https:\/\/portalcatolico.net\/portal\/vem-ai-a-6a-edicao-do-sos-juventude\/","title":{"rendered":"Vem a\u00ed a 6\u00aa edi\u00e7\u00e3o do &#8220;SOS Juventude&#8221;"},"content":{"rendered":"<p>A Juventude Cat\u00f3lica de Jita\u00fana, com a ben\u00e7\u00e3o do p\u00e1roco, Padre&nbsp;Estev\u00e3o Leal e do Vig\u00e1rio paroquial, Padre William Menezes, por&nbsp;meio do N\u00facleo Jovem da&nbsp; Par\u00f3quia Nossa Senhora da Imaculada Concei\u00e7\u00e3o&nbsp;que comp\u00f5e a diocese de Jequi\u00e9 (BA), j\u00e1 se prepara&nbsp; para realizar mais&nbsp;uma emocionante edi\u00e7\u00e3o do SOS Juventude.<\/p>\n<p>O evento ter\u00e1 como tema: &#8220;Coragem,&nbsp;levanta-te, Ele te chama&#8221;.<\/p>\n<p>Chegando em sua 6\u00aa edi\u00e7\u00e3o, a Juventude&nbsp;promete realizar um grandioso encontro, que a cada ano vem crescendo e&nbsp;ganhando a participa\u00e7\u00e3o e o prest\u00edgio de in\u00fameros fi\u00e9is cat\u00f3licos da&nbsp;comunidade e das par\u00f3quias circunvizinhas.<\/p>\n<p>O evento SOS Juventude tem&nbsp;como finalidade animar e fortalecer todos os jovens que buscam dar uma&nbsp;resposta positiva ao chamado de Deus.<\/p>\n<p>O SOS Juventude 2019 ser\u00e1 realizado nos dia 14 e 15 de setembro, no sal\u00e3o&nbsp; paroquial da igreja&nbsp;matriz de Nossa Senhora da Concei\u00e7\u00e3o na cidade de Jita\u00fana (BA), e contar\u00e1 com a participa\u00e7\u00e3o e prega\u00e7\u00e3o do jovem Henrique Lacerda da Arquidiocese&nbsp;de Feira de Santana (BA).&nbsp;&nbsp;<\/p>\n<p>A anima\u00e7\u00e3o fica por conta do Minist\u00e9rio Alian\u00e7a&nbsp;e Vida da Catedral de Santo Ant\u00f4nio da Diocese de Jequi\u00e9. Participe!<\/p>\n<p>Texto: Silvana Bittencourt\/Par\u00f3quia Nossa Senhora da Imaculada Concei\u00e7\u00e3o<br \/>\nEdi\u00e7\u00e3o e adapta\u00e7\u00e3o de texto: Reda\u00e7\u00e3o\/Portal Catolico.Net<br \/>\nVoc\u00ea tamb\u00e9m pode enviar seu texto e fotos para publica\u00e7\u00e3o em nosso&nbsp;Portal de not\u00edcias, atrav\u00e9s do e-mail: <a href=\"mailto:contato@portalcatolico.net\">contato@portalcatolico.net<\/a><\/p>\n","protected":false},"excerpt":{"rendered":"<p>A Juventude Cat\u00f3lica de Jita\u00fana, com a ben\u00e7\u00e3o do p\u00e1roco, Padre&nbsp;Estev\u00e3o Leal e do Vig\u00e1rio paroquial, Padre William Menezes, por&nbsp;meio do N\u00facleo Jovem da&nbsp; Par\u00f3quia Nossa Senhora da Imaculada Concei\u00e7\u00e3o&nbsp;que comp\u00f5e a diocese de Jequi\u00e9 (BA), j\u00e1 se prepara&nbsp; para realizar mais&nbsp;uma emocionante edi\u00e7\u00e3o do SOS Juventude. O evento ter\u00e1 como tema: &#8220;Coragem,&nbsp;levanta-te, Ele te&nbsp;<\/p>\n<p><a class=\"btn btn-style\" href=\"https:\/\/portalcatolico.net\/portal\/vem-ai-a-6a-edicao-do-sos-juventude\/\">Continue Reading<\/a><\/p>\n","protected":false},"author":2,"featured_media":65839,"comment_status":"open","ping_status":"open","sticky":false,"template":"","format":"standard","meta":{"footnotes":""},"categories":[1],"tags":[],"class_list":["post-65836","post","type-post","status-publish","format-standard","has-post-thumbnail","hentry","category-agenda"],"_links":{"self":[{"href":"https:\/\/portalcatolico.net\/portal\/wp-json\/wp\/v2\/posts\/65836","targetHints":{"allow":["GET"]}}],"collection":[{"href":"https:\/\/portalcatolico.net\/portal\/wp-json\/wp\/v2\/posts"}],"about":[{"href":"https:\/\/portalcatolico.net\/portal\/wp-json\/wp\/v2\/types\/post"}],"author":[{"embeddable":true,"href":"https:\/\/portalcatolico.net\/portal\/wp-json\/wp\/v2\/users\/2"}],"replies":[{"embeddable":true,"href":"https:\/\/portalcatolico.net\/portal\/wp-json\/wp\/v2\/comments?post=65836"}],"version-history":[{"count":1,"href":"https:\/\/portalcatolico.net\/portal\/wp-json\/wp\/v2\/posts\/65836\/revisions"}],"predecessor-version":[{"id":65838,"href":"https:\/\/portalcatolico.net\/portal\/wp-json\/wp\/v2\/posts\/65836\/revisions\/65838"}],"wp:featuredmedia":[{"embeddable":true,"href":"https:\/\/portalcatolico.net\/portal\/wp-json\/wp\/v2\/media\/65839"}],"wp:attachment":[{"href":"https:\/\/portalcatolico.net\/portal\/wp-json\/wp\/v2\/media?parent=65836"}],"wp:term":[{"taxonomy":"category","embeddable":true,"href":"https:\/\/portalcatolico.net\/portal\/wp-json\/wp\/v2\/categories?post=65836"},{"taxonomy":"post_tag","embeddable":true,"href":"https:\/\/portalcatolico.net\/portal\/wp-json\/wp\/v2\/tags?post=65836"}],"curies":[{"name":"wp","href":"https:\/\/api.w.org\/{rel}","templated":true}]}}