{"id":65823,"date":"2019-08-06T22:19:57","date_gmt":"2019-08-07T01:19:57","guid":{"rendered":"http:\/\/portalcatolico.net\/portal\/?p=65823"},"modified":"2019-08-07T06:12:30","modified_gmt":"2019-08-07T09:12:30","slug":"festa-do-senhor-bom-jesus-da-lapa-encerrou-nesta-terca-e-atraiu-mais-de-650-mil-romeiros","status":"publish","type":"post","link":"https:\/\/portalcatolico.net\/portal\/festa-do-senhor-bom-jesus-da-lapa-encerrou-nesta-terca-e-atraiu-mais-de-650-mil-romeiros\/","title":{"rendered":"Festa do Senhor Bom Jesus da Lapa encerrou nesta ter\u00e7a e atraiu mais de 650 mil romeiros!"},"content":{"rendered":"<p>Encerrou nesta ter\u00e7a-feira, 06 de agosto, a 328\u00aa Festa do Senhor Bom Jesus da Lapa, que aconteceu desde o dia 28 de julho, no Santu\u00e1rio&nbsp;&nbsp;de Bom Jesus da Lapa e de Nossa Senhora da Soledade, situado munic\u00edpio de Bom Jesus da Lapa, no oeste da Bahia.<\/p>\n<p><img loading=\"lazy\" decoding=\"async\" class=\"alignnone wp-image-65826\" src=\"http:\/\/portalcatolico.net\/portal\/wp-content\/uploads\/2019\/08\/67662175_2406635559417106_8024882621454483456_n-266x300.jpg\" alt=\"\" width=\"735\" height=\"829\" srcset=\"https:\/\/portalcatolico.net\/portal\/wp-content\/uploads\/2019\/08\/67662175_2406635559417106_8024882621454483456_n-266x300.jpg 266w, https:\/\/portalcatolico.net\/portal\/wp-content\/uploads\/2019\/08\/67662175_2406635559417106_8024882621454483456_n-768x865.jpg 768w, https:\/\/portalcatolico.net\/portal\/wp-content\/uploads\/2019\/08\/67662175_2406635559417106_8024882621454483456_n.jpg 852w\" sizes=\"auto, (max-width: 735px) 100vw, 735px\" \/><\/p>\n<p>O tema central deste ano foi:&#8221;Bom Jesus nos chama a viver e promover a liberdade pelo&nbsp;direito e a justi\u00e7a&#8221;.<\/p>\n<p>Mais uma vez, a romaria atraiu fieis de todos os lugares do pa\u00eds e de fora do pa\u00eds, que foram&nbsp;agradecer&nbsp;pelas gra\u00e7as alcan\u00e7adas e tamb\u00e9m renovar os votos de f\u00e9 e devo\u00e7\u00e3o.<\/p>\n<p>A Festa de Bom Jesus da Lapa&nbsp; \u00e9 considerada a&nbsp;terceira maior&nbsp; romaria do Brasil, tendo Bom Jesus da Lapa, cidade com 70 mil habitantes, e mais de 2 milh\u00f5es de visitantes por ano, denominada de a capital baiana da f\u00e9!<\/p>\n<p>A programa\u00e7\u00e3o de hoje, dia festivo, foi especial!<\/p>\n<p>\u00c0s 7h, aconteceu a missa solene em homenagem ao Bom Jesus da Lapa, na&nbsp;esplanada com cerca de 40 mil pessoas de varias regi\u00f5es do Brasil e do&nbsp;exterior. A Celebra\u00e7\u00e3o Eucar\u00edstica teve a&nbsp;presid\u00eancia do bispo da diocese de Bom Jesus da Lapa, Dom Jo\u00e3o&nbsp;&nbsp;Santos Cardoso e concelebra\u00e7\u00e3o dos bispos: Dom Ceslau Stanula, (bispo em\u00e9rito&nbsp;da Diocese de Itabuna, Bahia); Dom Darci Jos\u00e9 Nicioli (Arcebispo de&nbsp;Diamantina, Minas Gerais); do Pe. Jo\u00e3o Batista Alves do Nascimento (Reitor do&nbsp;Santu\u00e1rio de Bom Jesus da Lapa), al\u00e9m de padres mission\u00e1rios redentoristas,&nbsp;diocesanos, e seminaristas.<\/p>\n<p>Na homilia deste dia de encerramento, Dom Jo\u00e3o pediu \u00e0s autoridades presentes, que lutassem pela amplia\u00e7\u00e3o da Esplanada: &#8220;Voc\u00eas podem perceber o grande potencial do turismo aqui em Bom Jesus da Lapa, e que a f\u00e9 \u00e9 que desperta e atrai milhares de romeiros que se dirigem a essa nossa cidade, argumentou ele.<\/p>\n<p><img loading=\"lazy\" decoding=\"async\" class=\"alignnone  wp-image-65834\" src=\"http:\/\/portalcatolico.net\/portal\/wp-content\/uploads\/2019\/08\/site-300x197.jpg\" alt=\"\" width=\"740\" height=\"486\" srcset=\"https:\/\/portalcatolico.net\/portal\/wp-content\/uploads\/2019\/08\/site-300x197.jpg 300w, https:\/\/portalcatolico.net\/portal\/wp-content\/uploads\/2019\/08\/site-768x505.jpg 768w, https:\/\/portalcatolico.net\/portal\/wp-content\/uploads\/2019\/08\/site.jpg 960w\" sizes=\"auto, (max-width: 740px) 100vw, 740px\" \/><\/p>\n<p>Durante o dia, aconteceram mais&nbsp; duas&nbsp;&nbsp;missas que foram realizadas \u00e0s 11h e \u00e0s 14h30, na gruta de&nbsp;Nossa Senhora da Soledade. \u00c0s 16h30,uma multid\u00e3o participou da&nbsp;tradicional&nbsp; prociss\u00e3o que come\u00e7ou na Catedral&nbsp; Diocesano de Nossa Senhora&nbsp;do Carmo(que ainda est\u00e1 em constru\u00e7\u00e3o). O andor com a Imagem do&nbsp;Senhor Bom Jesus, saiu pelas ruas, levando junto com ele, um povo fervoroso, emocionado, que demonstrava sua f\u00e9 at\u00e9 a chegada ao&nbsp;Santu\u00e1rio de Bom Jesus da Lapa.<\/p>\n<p>Vale ressaltar que nestes dias, a Diocese de Bom Jesus da Lapa acolheu mais de 650 mil pessoas que foi l\u00e1 n\u00e3o s\u00f3 pagar promessas, reafirmar a sua f\u00e9, mas tamb\u00e9m, participar&nbsp;de uma das maiores manifesta\u00e7\u00f5es religiosas e culturais do Brasil.<\/p>\n<p>Fotos: Santu\u00e1rio de Bom Jesus da Lapa<\/p>\n<p>Mat\u00e9ria e edi\u00e7\u00e3o de texto:Reda\u00e7\u00e3o\/Portal Cat\u00f3lico.Net<\/p>\n<p><img loading=\"lazy\" decoding=\"async\" class=\"alignnone size-medium wp-image-65828\" src=\"http:\/\/portalcatolico.net\/portal\/wp-content\/uploads\/2019\/08\/67642731_2406635759417086_1423074500848648192_n-300x196.jpg\" alt=\"\" width=\"300\" height=\"196\" srcset=\"https:\/\/portalcatolico.net\/portal\/wp-content\/uploads\/2019\/08\/67642731_2406635759417086_1423074500848648192_n-300x196.jpg 300w, https:\/\/portalcatolico.net\/portal\/wp-content\/uploads\/2019\/08\/67642731_2406635759417086_1423074500848648192_n-768x502.jpg 768w, https:\/\/portalcatolico.net\/portal\/wp-content\/uploads\/2019\/08\/67642731_2406635759417086_1423074500848648192_n.jpg 960w\" sizes=\"auto, (max-width: 300px) 100vw, 300px\" \/> <img loading=\"lazy\" decoding=\"async\" class=\"alignnone size-medium wp-image-65829\" src=\"http:\/\/portalcatolico.net\/portal\/wp-content\/uploads\/2019\/08\/67831981_2406639072750088_6110707085941407744_n-300x207.jpg\" alt=\"\" width=\"300\" height=\"207\" srcset=\"https:\/\/portalcatolico.net\/portal\/wp-content\/uploads\/2019\/08\/67831981_2406639072750088_6110707085941407744_n-300x207.jpg 300w, https:\/\/portalcatolico.net\/portal\/wp-content\/uploads\/2019\/08\/67831981_2406639072750088_6110707085941407744_n-768x530.jpg 768w, https:\/\/portalcatolico.net\/portal\/wp-content\/uploads\/2019\/08\/67831981_2406639072750088_6110707085941407744_n.jpg 960w\" sizes=\"auto, (max-width: 300px) 100vw, 300px\" \/><\/p>\n<p><img loading=\"lazy\" decoding=\"async\" class=\"alignnone size-medium wp-image-65830\" src=\"http:\/\/portalcatolico.net\/portal\/wp-content\/uploads\/2019\/08\/67618670_2406636402750355_3636356884614610944_n-300x194.jpg\" alt=\"\" width=\"300\" height=\"194\" srcset=\"https:\/\/portalcatolico.net\/portal\/wp-content\/uploads\/2019\/08\/67618670_2406636402750355_3636356884614610944_n-300x194.jpg 300w, https:\/\/portalcatolico.net\/portal\/wp-content\/uploads\/2019\/08\/67618670_2406636402750355_3636356884614610944_n-768x497.jpg 768w, https:\/\/portalcatolico.net\/portal\/wp-content\/uploads\/2019\/08\/67618670_2406636402750355_3636356884614610944_n.jpg 960w\" sizes=\"auto, (max-width: 300px) 100vw, 300px\" \/> <img loading=\"lazy\" decoding=\"async\" class=\"alignnone size-medium wp-image-65831\" src=\"http:\/\/portalcatolico.net\/portal\/wp-content\/uploads\/2019\/08\/67775908_2406640699416592_4068859391242141696_n-300x200.jpg\" alt=\"\" width=\"300\" height=\"200\" srcset=\"https:\/\/portalcatolico.net\/portal\/wp-content\/uploads\/2019\/08\/67775908_2406640699416592_4068859391242141696_n-300x200.jpg 300w, https:\/\/portalcatolico.net\/portal\/wp-content\/uploads\/2019\/08\/67775908_2406640699416592_4068859391242141696_n-768x511.jpg 768w, https:\/\/portalcatolico.net\/portal\/wp-content\/uploads\/2019\/08\/67775908_2406640699416592_4068859391242141696_n.jpg 960w\" sizes=\"auto, (max-width: 300px) 100vw, 300px\" \/><\/p>\n<p>&nbsp;<\/p>\n","protected":false},"excerpt":{"rendered":"<p>Encerrou nesta ter\u00e7a-feira, 06 de agosto, a 328\u00aa Festa do Senhor Bom Jesus da Lapa, que aconteceu desde o dia 28 de julho, no Santu\u00e1rio&nbsp;&nbsp;de Bom Jesus da Lapa e de Nossa Senhora da Soledade, situado munic\u00edpio de Bom Jesus da Lapa, no oeste da Bahia. O tema central deste ano foi:&#8221;Bom Jesus nos chama&nbsp;<\/p>\n<p><a class=\"btn btn-style\" href=\"https:\/\/portalcatolico.net\/portal\/festa-do-senhor-bom-jesus-da-lapa-encerrou-nesta-terca-e-atraiu-mais-de-650-mil-romeiros\/\">Continue Reading<\/a><\/p>\n","protected":false},"author":2,"featured_media":65824,"comment_status":"open","ping_status":"open","sticky":false,"template":"","format":"standard","meta":{"footnotes":""},"categories":[68],"tags":[],"class_list":["post-65823","post","type-post","status-publish","format-standard","has-post-thumbnail","hentry","category-homilias"],"_links":{"self":[{"href":"https:\/\/portalcatolico.net\/portal\/wp-json\/wp\/v2\/posts\/65823","targetHints":{"allow":["GET"]}}],"collection":[{"href":"https:\/\/portalcatolico.net\/portal\/wp-json\/wp\/v2\/posts"}],"about":[{"href":"https:\/\/portalcatolico.net\/portal\/wp-json\/wp\/v2\/types\/post"}],"author":[{"embeddable":true,"href":"https:\/\/portalcatolico.net\/portal\/wp-json\/wp\/v2\/users\/2"}],"replies":[{"embeddable":true,"href":"https:\/\/portalcatolico.net\/portal\/wp-json\/wp\/v2\/comments?post=65823"}],"version-history":[{"count":4,"href":"https:\/\/portalcatolico.net\/portal\/wp-json\/wp\/v2\/posts\/65823\/revisions"}],"predecessor-version":[{"id":65835,"href":"https:\/\/portalcatolico.net\/portal\/wp-json\/wp\/v2\/posts\/65823\/revisions\/65835"}],"wp:featuredmedia":[{"embeddable":true,"href":"https:\/\/portalcatolico.net\/portal\/wp-json\/wp\/v2\/media\/65824"}],"wp:attachment":[{"href":"https:\/\/portalcatolico.net\/portal\/wp-json\/wp\/v2\/media?parent=65823"}],"wp:term":[{"taxonomy":"category","embeddable":true,"href":"https:\/\/portalcatolico.net\/portal\/wp-json\/wp\/v2\/categories?post=65823"},{"taxonomy":"post_tag","embeddable":true,"href":"https:\/\/portalcatolico.net\/portal\/wp-json\/wp\/v2\/tags?post=65823"}],"curies":[{"name":"wp","href":"https:\/\/api.w.org\/{rel}","templated":true}]}}