{"id":65791,"date":"2019-08-05T19:14:05","date_gmt":"2019-08-05T22:14:05","guid":{"rendered":"http:\/\/portalcatolico.net\/portal\/?p=65791"},"modified":"2019-08-05T19:17:15","modified_gmt":"2019-08-05T22:17:15","slug":"jovens-e-adultos-sao-crismados-em-itabuna","status":"publish","type":"post","link":"https:\/\/portalcatolico.net\/portal\/jovens-e-adultos-sao-crismados-em-itabuna\/","title":{"rendered":"Jovens e adultos s\u00e3o crismados em Itabuna"},"content":{"rendered":"<p><img loading=\"lazy\" decoding=\"async\" class=\"alignnone wp-image-65793\" src=\"http:\/\/portalcatolico.net\/portal\/wp-content\/uploads\/2019\/08\/f3ecf75a-69f7-4cbb-9b88-2c9d276bebb6-300x146.jpg\" alt=\"\" width=\"738\" height=\"359\" srcset=\"https:\/\/portalcatolico.net\/portal\/wp-content\/uploads\/2019\/08\/f3ecf75a-69f7-4cbb-9b88-2c9d276bebb6-300x146.jpg 300w, https:\/\/portalcatolico.net\/portal\/wp-content\/uploads\/2019\/08\/f3ecf75a-69f7-4cbb-9b88-2c9d276bebb6-768x373.jpg 768w, https:\/\/portalcatolico.net\/portal\/wp-content\/uploads\/2019\/08\/f3ecf75a-69f7-4cbb-9b88-2c9d276bebb6-1024x498.jpg 1024w, https:\/\/portalcatolico.net\/portal\/wp-content\/uploads\/2019\/08\/f3ecf75a-69f7-4cbb-9b88-2c9d276bebb6.jpg 1280w\" sizes=\"auto, (max-width: 738px) 100vw, 738px\" \/><\/p>\n<p>Aconteceu neste domingo, 04 de agosto, \u00e0s 19h, na Par\u00f3quia Santa&nbsp;Maria Madalena, situada no bairro Nova Itabuna em Itabuna (BA),&nbsp;&nbsp;a celebra\u00e7\u00e3o do Sacramento da Crisma. Vinte e dois&nbsp; jovens&nbsp;e adultos da par\u00f3quia renovaram o&nbsp;compromisso assumido e guardado por seus pais e padrinhos, quando um dia&nbsp;<br \/>\ndiante do sacerdote e da igreja, os apresentaram a pia batismal, dando&nbsp;in\u00edcio a sua caminhada crist\u00e3.<\/p>\n<p>A Igreja Matriz Santa Maria Madalena ficou completamente&nbsp;lotada! Foi&nbsp;um momento de grande alegria para todos, principalmente para os jovens e&nbsp;adultos que receberam a Crisma.<\/p>\n<p>Dom Carlos Alberto dos Santos dirigiu aos&nbsp;jovens e adultos,&nbsp;palavras de entusiasmo para uma viv\u00eancia de santidade&nbsp;e testemunho. Ele tamb\u00e9m os encorajou e os motivou para uma participa\u00e7\u00e3o firme&nbsp;na vida da Igreja de Cristo.&nbsp;&#8220;A finalidade dos Sacramentos \u00e9 para tornarmos um sinal de testemunho de&nbsp;vida, \u00e9 para identificar-nos cada vez mais com Cristo. N\u00e3o \u00e9 para s\u00f3&nbsp;sentirmos bem, pagar ou cumprir promessa&#8221;.<br \/>\nA &#8220;Confirma\u00e7\u00e3o, como o Batismo, imprime na alma do crist\u00e3o um sinal&nbsp;espiritual ou car\u00e1ter indel\u00e9vel; raz\u00e3o pela qual s\u00f3 se pode receber este&nbsp;sacramento uma vez na vida&#8221; (Catecismo da Igreja Cat\u00f3lica (CIC), 1317).&nbsp;<br \/>\nComo regra geral, a idade m\u00ednima \u00e9 de 14 anos. O candidato \u00e0 Confirma\u00e7\u00e3o&nbsp;deve professar a f\u00e9, estar em estado de gra\u00e7a (confessar antes), ter a&nbsp;inten\u00e7\u00e3o de receber o Sacramento e estar preparado para ser disc\u00edpulo e&nbsp;testemunha de Cristo, na comunidade eclesial e nas ocupa\u00e7\u00f5es temporais&nbsp;(CIC, 1319).<br \/>\nDurante a prepara\u00e7\u00e3o para o sacramento da Confirma\u00e7\u00e3o, a pessoa cresce e&nbsp;aprofunda a gra\u00e7a batismal. O bispo ou um sacerdote por ele delegado \u00e9 o&nbsp;ministro da Confirma\u00e7\u00e3o. Durante a Missa, durante a qual se confere o&nbsp;sacramento da Confirma\u00e7\u00e3o, o celebrante invoca a efus\u00e3o do Esp\u00edrito&nbsp;Santo sobre os crismandos.<\/p>\n<p>Fotos: Padre Tony Val\u00e9rio<\/p>\n<p><img loading=\"lazy\" decoding=\"async\" class=\"alignnone size-medium wp-image-65795\" src=\"http:\/\/portalcatolico.net\/portal\/wp-content\/uploads\/2019\/08\/bd8e433d-a967-4730-8864-2f48b2962b8a-146x300.jpg\" alt=\"\" width=\"146\" height=\"300\" srcset=\"https:\/\/portalcatolico.net\/portal\/wp-content\/uploads\/2019\/08\/bd8e433d-a967-4730-8864-2f48b2962b8a-146x300.jpg 146w, https:\/\/portalcatolico.net\/portal\/wp-content\/uploads\/2019\/08\/bd8e433d-a967-4730-8864-2f48b2962b8a-498x1024.jpg 498w, https:\/\/portalcatolico.net\/portal\/wp-content\/uploads\/2019\/08\/bd8e433d-a967-4730-8864-2f48b2962b8a.jpg 622w\" sizes=\"auto, (max-width: 146px) 100vw, 146px\" \/> <img loading=\"lazy\" decoding=\"async\" class=\"alignnone size-medium wp-image-65796\" src=\"http:\/\/portalcatolico.net\/portal\/wp-content\/uploads\/2019\/08\/c30c5ae0-7967-456d-a8f0-7c0c21aaafab-146x300.jpg\" alt=\"\" width=\"146\" height=\"300\" srcset=\"https:\/\/portalcatolico.net\/portal\/wp-content\/uploads\/2019\/08\/c30c5ae0-7967-456d-a8f0-7c0c21aaafab-146x300.jpg 146w, https:\/\/portalcatolico.net\/portal\/wp-content\/uploads\/2019\/08\/c30c5ae0-7967-456d-a8f0-7c0c21aaafab-498x1024.jpg 498w, https:\/\/portalcatolico.net\/portal\/wp-content\/uploads\/2019\/08\/c30c5ae0-7967-456d-a8f0-7c0c21aaafab.jpg 622w\" sizes=\"auto, (max-width: 146px) 100vw, 146px\" \/> <img loading=\"lazy\" decoding=\"async\" class=\"alignnone size-medium wp-image-65797\" src=\"http:\/\/portalcatolico.net\/portal\/wp-content\/uploads\/2019\/08\/d489d6f0-86e0-48d4-b4ac-afd37eb406f4-146x300.jpg\" alt=\"\" width=\"146\" height=\"300\" srcset=\"https:\/\/portalcatolico.net\/portal\/wp-content\/uploads\/2019\/08\/d489d6f0-86e0-48d4-b4ac-afd37eb406f4-146x300.jpg 146w, https:\/\/portalcatolico.net\/portal\/wp-content\/uploads\/2019\/08\/d489d6f0-86e0-48d4-b4ac-afd37eb406f4-498x1024.jpg 498w, https:\/\/portalcatolico.net\/portal\/wp-content\/uploads\/2019\/08\/d489d6f0-86e0-48d4-b4ac-afd37eb406f4.jpg 622w\" sizes=\"auto, (max-width: 146px) 100vw, 146px\" \/><img loading=\"lazy\" decoding=\"async\" class=\"alignnone size-medium wp-image-65799\" src=\"http:\/\/portalcatolico.net\/portal\/wp-content\/uploads\/2019\/08\/d489d6f0-86e0-48d4-b4ac-afd37eb406f4-1-146x300.jpg\" alt=\"\" width=\"146\" height=\"300\" srcset=\"https:\/\/portalcatolico.net\/portal\/wp-content\/uploads\/2019\/08\/d489d6f0-86e0-48d4-b4ac-afd37eb406f4-1-146x300.jpg 146w, https:\/\/portalcatolico.net\/portal\/wp-content\/uploads\/2019\/08\/d489d6f0-86e0-48d4-b4ac-afd37eb406f4-1-498x1024.jpg 498w, https:\/\/portalcatolico.net\/portal\/wp-content\/uploads\/2019\/08\/d489d6f0-86e0-48d4-b4ac-afd37eb406f4-1.jpg 622w\" sizes=\"auto, (max-width: 146px) 100vw, 146px\" \/><\/p>\n","protected":false},"excerpt":{"rendered":"<p>Aconteceu neste domingo, 04 de agosto, \u00e0s 19h, na Par\u00f3quia Santa&nbsp;Maria Madalena, situada no bairro Nova Itabuna em Itabuna (BA),&nbsp;&nbsp;a celebra\u00e7\u00e3o do Sacramento da Crisma. Vinte e dois&nbsp; jovens&nbsp;e adultos da par\u00f3quia renovaram o&nbsp;compromisso assumido e guardado por seus pais e padrinhos, quando um dia&nbsp; diante do sacerdote e da igreja, os apresentaram a pia&nbsp;<\/p>\n<p><a class=\"btn btn-style\" href=\"https:\/\/portalcatolico.net\/portal\/jovens-e-adultos-sao-crismados-em-itabuna\/\">Continue Reading<\/a><\/p>\n","protected":false},"author":2,"featured_media":65792,"comment_status":"open","ping_status":"open","sticky":false,"template":"","format":"standard","meta":{"footnotes":""},"categories":[4],"tags":[],"class_list":["post-65791","post","type-post","status-publish","format-standard","has-post-thumbnail","hentry","category-destaques"],"_links":{"self":[{"href":"https:\/\/portalcatolico.net\/portal\/wp-json\/wp\/v2\/posts\/65791","targetHints":{"allow":["GET"]}}],"collection":[{"href":"https:\/\/portalcatolico.net\/portal\/wp-json\/wp\/v2\/posts"}],"about":[{"href":"https:\/\/portalcatolico.net\/portal\/wp-json\/wp\/v2\/types\/post"}],"author":[{"embeddable":true,"href":"https:\/\/portalcatolico.net\/portal\/wp-json\/wp\/v2\/users\/2"}],"replies":[{"embeddable":true,"href":"https:\/\/portalcatolico.net\/portal\/wp-json\/wp\/v2\/comments?post=65791"}],"version-history":[{"count":3,"href":"https:\/\/portalcatolico.net\/portal\/wp-json\/wp\/v2\/posts\/65791\/revisions"}],"predecessor-version":[{"id":65800,"href":"https:\/\/portalcatolico.net\/portal\/wp-json\/wp\/v2\/posts\/65791\/revisions\/65800"}],"wp:featuredmedia":[{"embeddable":true,"href":"https:\/\/portalcatolico.net\/portal\/wp-json\/wp\/v2\/media\/65792"}],"wp:attachment":[{"href":"https:\/\/portalcatolico.net\/portal\/wp-json\/wp\/v2\/media?parent=65791"}],"wp:term":[{"taxonomy":"category","embeddable":true,"href":"https:\/\/portalcatolico.net\/portal\/wp-json\/wp\/v2\/categories?post=65791"},{"taxonomy":"post_tag","embeddable":true,"href":"https:\/\/portalcatolico.net\/portal\/wp-json\/wp\/v2\/tags?post=65791"}],"curies":[{"name":"wp","href":"https:\/\/api.w.org\/{rel}","templated":true}]}}