{"id":65780,"date":"2019-08-05T12:23:44","date_gmt":"2019-08-05T15:23:44","guid":{"rendered":"http:\/\/portalcatolico.net\/portal\/?p=65780"},"modified":"2019-08-05T12:35:41","modified_gmt":"2019-08-05T15:35:41","slug":"pastoral-vocacional-da-diocese-de-itabuna-realiza-anuncio-vocacional","status":"publish","type":"post","link":"https:\/\/portalcatolico.net\/portal\/pastoral-vocacional-da-diocese-de-itabuna-realiza-anuncio-vocacional\/","title":{"rendered":"Pastoral Vocacional da Diocese de Itabuna realiza An\u00fancio Vocacional"},"content":{"rendered":"<p><img loading=\"lazy\" decoding=\"async\" class=\"wp-image-65783 aligncenter\" src=\"http:\/\/portalcatolico.net\/portal\/wp-content\/uploads\/2019\/08\/IMG_1340-300x200.jpg\" alt=\"\" width=\"738\" height=\"492\" srcset=\"https:\/\/portalcatolico.net\/portal\/wp-content\/uploads\/2019\/08\/IMG_1340-300x200.jpg 300w, https:\/\/portalcatolico.net\/portal\/wp-content\/uploads\/2019\/08\/IMG_1340-768x512.jpg 768w, https:\/\/portalcatolico.net\/portal\/wp-content\/uploads\/2019\/08\/IMG_1340.jpg 800w\" sizes=\"auto, (max-width: 738px) 100vw, 738px\" \/><\/p>\n<p>O An\u00fancio aconteceu neste domingo (04), e contou&nbsp; com a&nbsp;presen\u00e7a de mais de 100 jovens advindos de diversas comunidades&nbsp;paroquiais. O evento teve in\u00edcio \u00e0s 8h, com o credenciamento,&nbsp;e em seguida, teve caf\u00e9 da manh\u00e3, anima\u00e7\u00e3o e palestras.<\/p>\n<p>A tem\u00e1tica para este ano&nbsp;foi extra\u00edda do livro dos Salmos: &#8220;Mostra-me, Senhor, os teus caminhos&#8221;&nbsp;(Sl 25,4). O grande prop\u00f3sito deste encontro foi&nbsp; proporcionar aos&nbsp;jovens e adultos um momento de reflex\u00e3o sobre sua voca\u00e7\u00e3o, seu papel e&nbsp;sua miss\u00e3o na Igreja.<br \/>\nO evento contou com a participa\u00e7\u00e3o de&nbsp;&nbsp;Comunidades Religiosas (masculinas e&nbsp;femininas), de Leigos Consagrados, Padres, Di\u00e1conos, Seminaristas, e muitos jovens.&nbsp;&nbsp;<\/p>\n<p>Todos rezaram&nbsp; pelo dia do padre e pelas voca\u00e7\u00f5es, participaram de palestras,&nbsp;confiss\u00f5es, deram testemunhos, visitaram estandes, ou seja, aproveitam bastante o evento que finalizou \u00e0s 15h30, com a Celebra\u00e7\u00e3o&nbsp;da Santa Eucaristia, presidida pelo&nbsp;bispo da diocese de Itabuna, Dom Carlos Alberto dos Santos. Sobre o m\u00eas vocacional, ele disse: &#8220;O m\u00eas vocacional foi institu\u00eddo pela Igreja para que n\u00f3s possamos rezar, incentivar e cultivar as voca\u00e7\u00f5es, de tal forma que, n\u00f3s estamos realizando esse trabalho de viver na unidade, em comunh\u00e3o com toda a Igreja, rezando pelas voca\u00e7\u00f5es, incentivando as voca\u00e7\u00f5es, e fazendo com que cada um assuma o seu lugar&#8221;.<img loading=\"lazy\" decoding=\"async\" class=\"alignnone wp-image-65785\" src=\"http:\/\/portalcatolico.net\/portal\/wp-content\/uploads\/2019\/08\/IMG_1342-300x200.jpg\" alt=\"\" width=\"740\" height=\"493\" srcset=\"https:\/\/portalcatolico.net\/portal\/wp-content\/uploads\/2019\/08\/IMG_1342-300x200.jpg 300w, https:\/\/portalcatolico.net\/portal\/wp-content\/uploads\/2019\/08\/IMG_1342-768x512.jpg 768w, https:\/\/portalcatolico.net\/portal\/wp-content\/uploads\/2019\/08\/IMG_1342.jpg 800w\" sizes=\"auto, (max-width: 740px) 100vw, 740px\" \/><\/p>\n<p>Ele tamb\u00e9m falou sobre o An\u00fancio Vocacional: &#8220;O An\u00fancio \u00b4para que toda a juventude de todas as par\u00f3quias, possa participar, a fim de que possa ser despertado nas v\u00e1rias voca\u00e7\u00f5es que deveriam ser apresentadas.&#8221;<\/p>\n<p>Vale ressaltar que o An\u00fancio Vocacional aconteceu no Col\u00e9gio A\u00e7\u00e3o Fraternal de Itabuna&nbsp;(AFI), situado na Avenida Am\u00e9lia amado na cidade de Itabuna (BA).<\/p>\n<p>Confira em nossa p\u00e1gina oficial no Facebook, o \u00e1lbum de fotos do evento:&nbsp;<br \/>\n<a href=\"http:\/\/www.facebook.com\/portalcatolicooficial\">www.facebook.com\/portalcatolicooficial<\/a><\/p>\n<p>Mat\u00e9ria e di\u00e7\u00e3o de texto:Reda\u00e7\u00e3o;Portal Cat\u00f3lico.Net<\/p>\n","protected":false},"excerpt":{"rendered":"<p>O An\u00fancio aconteceu neste domingo (04), e contou&nbsp; com a&nbsp;presen\u00e7a de mais de 100 jovens advindos de diversas comunidades&nbsp;paroquiais. O evento teve in\u00edcio \u00e0s 8h, com o credenciamento,&nbsp;e em seguida, teve caf\u00e9 da manh\u00e3, anima\u00e7\u00e3o e palestras. A tem\u00e1tica para este ano&nbsp;foi extra\u00edda do livro dos Salmos: &#8220;Mostra-me, Senhor, os teus caminhos&#8221;&nbsp;(Sl 25,4). O grande&nbsp;<\/p>\n<p><a class=\"btn btn-style\" href=\"https:\/\/portalcatolico.net\/portal\/pastoral-vocacional-da-diocese-de-itabuna-realiza-anuncio-vocacional\/\">Continue Reading<\/a><\/p>\n","protected":false},"author":2,"featured_media":65781,"comment_status":"open","ping_status":"open","sticky":false,"template":"","format":"standard","meta":{"footnotes":""},"categories":[68],"tags":[],"class_list":["post-65780","post","type-post","status-publish","format-standard","has-post-thumbnail","hentry","category-homilias"],"_links":{"self":[{"href":"https:\/\/portalcatolico.net\/portal\/wp-json\/wp\/v2\/posts\/65780","targetHints":{"allow":["GET"]}}],"collection":[{"href":"https:\/\/portalcatolico.net\/portal\/wp-json\/wp\/v2\/posts"}],"about":[{"href":"https:\/\/portalcatolico.net\/portal\/wp-json\/wp\/v2\/types\/post"}],"author":[{"embeddable":true,"href":"https:\/\/portalcatolico.net\/portal\/wp-json\/wp\/v2\/users\/2"}],"replies":[{"embeddable":true,"href":"https:\/\/portalcatolico.net\/portal\/wp-json\/wp\/v2\/comments?post=65780"}],"version-history":[{"count":3,"href":"https:\/\/portalcatolico.net\/portal\/wp-json\/wp\/v2\/posts\/65780\/revisions"}],"predecessor-version":[{"id":65786,"href":"https:\/\/portalcatolico.net\/portal\/wp-json\/wp\/v2\/posts\/65780\/revisions\/65786"}],"wp:featuredmedia":[{"embeddable":true,"href":"https:\/\/portalcatolico.net\/portal\/wp-json\/wp\/v2\/media\/65781"}],"wp:attachment":[{"href":"https:\/\/portalcatolico.net\/portal\/wp-json\/wp\/v2\/media?parent=65780"}],"wp:term":[{"taxonomy":"category","embeddable":true,"href":"https:\/\/portalcatolico.net\/portal\/wp-json\/wp\/v2\/categories?post=65780"},{"taxonomy":"post_tag","embeddable":true,"href":"https:\/\/portalcatolico.net\/portal\/wp-json\/wp\/v2\/tags?post=65780"}],"curies":[{"name":"wp","href":"https:\/\/api.w.org\/{rel}","templated":true}]}}