{"id":65772,"date":"2019-08-04T06:49:59","date_gmt":"2019-08-04T09:49:59","guid":{"rendered":"http:\/\/portalcatolico.net\/portal\/?p=65772"},"modified":"2019-08-04T06:49:59","modified_gmt":"2019-08-04T09:49:59","slug":"papa-aos-sacerdotes-dou-gracas-a-deus-por-todos-voces","status":"publish","type":"post","link":"https:\/\/portalcatolico.net\/portal\/papa-aos-sacerdotes-dou-gracas-a-deus-por-todos-voces\/","title":{"rendered":"Papa aos sacerdotes: &#8220;dou gra\u00e7as a Deus por todos voc\u00eas&#8221;"},"content":{"rendered":"<div class=\"article__subTitle\">Papa Francisco enviou uma carta por ocasi\u00e3o dos cento e sessenta anos da morte do Cura d\u2019Ars: apoio, proximidade e encorajamento a todos os padres que apesar das fadigas e desilus\u00f5es celebram todos os dias os sacramentos e acompanham o Povo de Deus<\/div>\n<div>&nbsp;<\/div>\n<div>O Papa Francisco escreveu uma carta aos sacerdotes recordando os cento e sessenta anos da morte do Cura d\u2019Ars, padroeiro dos p\u00e1rocos. Uma carta que exprime encorajamento e proximidade aos \u201cirm\u00e3os presb\u00edteros, que sem fazer alarde\u201d deixam tudo para se empenhar na vida di\u00e1ria das suas comunidades; aos sacerdotes que trabalham na \u201ctrincheira\u201d; tamb\u00e9m a todos aqueles que diariamente enfrentam desafios sem pensar em si mesmos, \u201cpara que o povo de Deus seja cuidado e acompanhado\u201d. \u201cDirijo-me a cada um de voc\u00eas \u2013 escreve o Papa \u2013 que, em muitas ocasi\u00f5es, de modo inobservado e sacrificado, no cansa\u00e7o ou na fadiga, na doen\u00e7a ou na desola\u00e7\u00e3o, assumem a miss\u00e3o como um servi\u00e7o a Deus e ao seu povo e, mesmo com todas as dificuldades do caminho, escrevem as p\u00e1ginas mais belas da vida sacerdotal\u201d.<\/div>\n<div class=\"title__separator\">\n<p><b>Dor<\/b><\/p>\n<p>A carta do Papa se abre com um olhar ao esc\u00e2ndalo dos abusos: \u201cNos \u00faltimos tempos pudemos ouvir mais claramente o clamor, muitas vezes silencioso e silenciado, de irm\u00e3os nossos, v\u00edtimas de abusos de poder, de consci\u00eancia e sexuais por parte dos ministros ordenados\u201d. Mas, explica Francisco, mesmo sem \u201cnegar ou ignorar o dano causado\u201d, seria \u201cinjusto n\u00e3o reconhecer que tantos sacerdotes que de maneira constante e \u00edntegra oferecem tudo o que s\u00e3o e que t\u00eam pelo bem dos outros\u201d. Os padres \u201cque fazem da sua vida uma obra de miseric\u00f3rdia em regi\u00f5es ou situa\u00e7\u00f5es muitas vezes in\u00f3spitas, remotas ou abandonadas, arriscando sua pr\u00f3pria vida\u201d. O Papa agradece todos \u201cpela coragem e constante exemplo\u201d e escreve que os \u201ctempos da purifica\u00e7\u00e3o eclesial que estamos vivendo nos tornar\u00e3o mais alegres e simples e em um futuro n\u00e3o muito distante ser\u00e3o muito fecundos\u201d. Convida a n\u00e3o desencorajar, porque \u201co Senhor est\u00e1 purificando a sua Esposa e a todos nos est\u00e1 convertendo a Ele. Permite-nos experimentar a prova para compreendermos que, sem Ele, somos p\u00f3\u201d.<\/p>\n<p><b>Gratid\u00e3o<\/b><\/p>\n<p>A segunda palavra chave \u00e9 \u201cgratid\u00e3o\u201d. Francisco recorda que a \u201cvoca\u00e7\u00e3o, mais do que uma escolha nossa, \u00e9 resposta de um chamado gratuito do Senhor\u201d. O Papa exorta a \u201cretornar aos momentos luminosos\u201d em que experimentamos o chamado do Senhor para consagrar toda a nossa vida ao seu servi\u00e7o, voltar \u201cao sim\u201d crescido no seio de uma \u201ccomunidade crist\u00e3\u201d. Em momentos de dificuldade, de fragilidade, de fraqueza, \u201cquando a pior de todas as tenta\u00e7\u00f5es \u00e9 a de ficar a ruminar a desola\u00e7\u00e3o\u201d, \u00e9 crucial \u2013 explica o Pont\u00edfice \u2013 \u201cn\u00e3o perder a mem\u00f3ria cheia de gratid\u00e3o da passagem do Senhor na nossa vida\u201d que \u201cnos convidou a apostar n\u2019Ele e pelo seu povo\u201d. A gratid\u00e3o \u201c\u00e9 sempre uma arma poderosa\u201d. S\u00f3 se formos capazes de contemplar e agradecer por todos os gestos de amor, generosidade, solidariedade e confian\u00e7a, bem como de perd\u00e3o, paci\u00eancia, suporta\u00e7\u00e3o e compaix\u00e3o com que fomos tratados, \u00e9 que deixaremos o Esp\u00edrito obsequiar-nos com aquele ar puro capaz de renovar (e n\u00e3o remendar) a nossa vida e miss\u00e3o\u201d.<\/p>\n<p>Francisco agradece os irm\u00e3os sacerdotes \u201cpela fidelidade aos compromissos assumidos\u201d. \u00c9 \u201cmuito significativo\u201d &#8211; observa \u2013 que em uma sociedade e em uma cultura que transformou o \u201cgasoso\u201d em valor, a exist\u00eancia de pessoas que apostem na felicidade de doar a vida. Agradece pela celebra\u00e7\u00e3o di\u00e1ria da Eucaristia e pelo minist\u00e9rio do sacramento da Reconcilia\u00e7\u00e3o, vivido \u201csem rigorismos, nem laxismos\u201d, ocupando-se das pessoas e \u201cacompanhando-as no caminho da convers\u00e3o\u201d. Agradece pelo an\u00fancio do Evangelho \u201cfeito a todos com ardor\u201d: \u201cObrigado por todas as vezes que, deixando-se comover por dentro, voc\u00eas acolheram os que ca\u00edram, curaram suas feridas\u2026 Nada \u00e9 mais urgente do que isso: proximidade, vizinhan\u00e7a, ficar pr\u00f3ximo da carne do irm\u00e3o que sofre\u201d.<\/p>\n<p>O cora\u00e7\u00e3o do pastor \u2013 afirma Francisco \u2013 \u00e9 aquele que \u201caprendeu o gosto espiritual de se sentir um s\u00f3 com o seu povo, que n\u00e3o esquece que saiu dele\u2026 com estilo de vida austero e simples, sem aceitar privil\u00e9gios que n\u00e3o t\u00eam sabor de Evangelho\u201d. Mas o Papa agradece e convida a agradecer tamb\u00e9m \u201cpela santidade do Povo fiel de Deus\u201d, manifestada \u201cnos pais que criam seus filhos com tanto amor, nos homens e mulheres que trabalham para levar o p\u00e3o para casa, nos doentes, nas religiosas idosas que continuam a sorrir\u201d.<\/p>\n<p><b>Coragem<\/b><\/p>\n<p>A terceira palavra \u00e9 \u201ccoragem\u201d. O Papa quer encorajar os sacerdotes: \u201cA miss\u00e3o \u00e0 qual fomos chamados n\u00e3o significa que devemos ser imunes ao sofrimento, \u00e0 dor e at\u00e9 mesmo \u00e0 incompreens\u00e3o, ao contr\u00e1rio, pede-nos para os enfrentar e assumir a fim de deixar que o Senhor os transforme e nos configure mais a Ele\u201d. Um bom teste para saber como se encontra o cora\u00e7\u00e3o do pastor \u2013 escreve Francisco \u2013 \u201c\u00e9 perguntar-se como enfrentamos a dor\u201d. De fato, \u00e0s vezes pode acontecer, de se comportar como o levita ou o sacerdote da par\u00e1bola do Bom Samaritano, que ignora o homem ca\u00eddo no ch\u00e3o, outras vezes aproxima-se da dor intelectualizando, e refugiando-se em frases comuns (\u201ca vida \u00e9 assim, n\u00e3o se pode fazer nada\u201d) terminando por dar espa\u00e7o ao fatalismo. \u201cOu ent\u00e3o aproxima-se com um olhar de prefer\u00eancia seletiva gerando apenas isolamento e exclus\u00e3o\u201d.<\/p>\n<p>O Papa adverte tamb\u00e9m o que Bernanos definiu como o \u201celixir mais precioso do dem\u00f4nio\u201d, isto \u00e9, \u201ca tristeza adocicada que os padres do Oriente chamavam ac\u00e9dia. A tristeza que paralisa a coragem de continuar no trabalho, na ora\u00e7\u00e3o\u201d, que \u201ctorna est\u00e9ril todas as tentativas de transforma\u00e7\u00e3o e convers\u00e3o, propagando ressentimento e avers\u00e3o\u201d. Francisco convida a pedir \u201cao Esp\u00edrito Santo que venha despertar-nos\u201d, para \u201cdar uma sacudida na nossa sonol\u00eancia\u201d, para desafiar a habitualidade e \u201cnos deixarmos mover pelo que acontece ao nosso redor e pelo clamor da Palavra viva do Ressuscitado\u201d. \u201cAo longo da nossa vida, pudemos contemplar que com Jesus Cristo renasce sem cessar a alegria\u201d. Uma alegria, afirma o Pont\u00edfice, que \u201cn\u00e3o nasce de esfor\u00e7os voluntariosos ou intelectualistas, mas da confian\u00e7a de saber que continuam eficazes as palavras de Jesus a Pedro\u201d.<\/p>\n<p>Na ora\u00e7\u00e3o \u2013 explica o Papa \u2013 \u201cexperimentamos aquela nossa bendita precariedade que nos lembra que somos disc\u00edpulos carecidos do auxilio do Senhor e nos liberta da tend\u00eancia prometeuca dos que confiam unicamente em suas pr\u00f3prias for\u00e7as\u201d. A ora\u00e7\u00e3o do pastor \u201cnutre-se e encarna-se no cora\u00e7\u00e3o do Povo de Deus. Traz as marcas da alegria e das feridas do seu povo\u201d. Uma confian\u00e7a que preserva-nos a todos de procurar ou querer respostas f\u00e1ceis, r\u00e1pidas ou pr\u00e9-fabricadas, permitindo ao Senhor ser Ele (e n\u00e3o as nossas receitas e prioridades) a mostrar-nos um caminho de esperan\u00e7a\u201d. Portanto \u201creconhe\u00e7amos a nossa fragilidade, sim, mas deixemos que Jesus a transforme e nos projete sempre de novo para a miss\u00e3o\u201d.<\/p>\n<p>Para manter o cora\u00e7\u00e3o animado, o Papa observa que n\u00e3o devem ser negligenciadas duas liga\u00e7\u00f5es constitutivas da nossa identidade. A primeira com Jesus. \u00c9 o convite a n\u00e3o esquecer \u201co acompanhamento espiritual, tendo um irm\u00e3o com quem falar, confrontar-se, debater e discernir o pr\u00f3prio caminho\u201d. A segunda liga\u00e7\u00e3o \u00e9 com o povo. \u201cN\u00e3o se isolem do seu povo e dos presb\u00edteros ou das comunidades. E muito menos n\u00e3o em grupos fechados ou elitistas\u2026 um ministro corajoso \u00e9 um ministro sempre em sa\u00edda\u201d. O Papa pede aos sacerdotes para \u201cestar perto dos que sofrem, de estar sem vergonha perto das mis\u00e9rias humanas e, porque n\u00e3o, viv\u00ea-las como pr\u00f3prias para as tornar Eucaristia\u201d. Para serem \u201cartes\u00e3os de rela\u00e7\u00e3o e comunh\u00e3o, abertos e confiantes e esperan\u00e7osos da novidade que o Reino de Deus quer suscitar hoje\u201d.<\/p>\n<p><b>Louvor<\/b><\/p>\n<p>A \u00faltima palavra proposta na carta \u00e9 \u201clouvor\u201d. \u00c9 imposs\u00edvel falar de gratid\u00e3o e encorajamento sem contemplar Maria que \u201cnos ensina o louvor capaz de abrir o olhar para o futuro e devolver a esperan\u00e7a ao presente\u201d. Porque \u201colhar Maria \u00e9 voltar a crer na for\u00e7a revolucion\u00e1ria da ternura e do afeto\u201d. Por isso \u2013 conclui o Papa \u2013 \u201cse alguma vez nos sentirmos tentados a isolar-nos e fechar-nos em n\u00f3s mesmos e nos nossos projetos, protegendo-nos dos caminhos sempre poeirentos da hist\u00f3ria, ou se o lamento, a queixa, a cr\u00edtica ou a ironias tomam conta das nossas a\u00e7\u00f5es sem vontade de lutar, esperar e amar \u2026 olhemos a Maria para que purifique os nossos olhos de todos os \u201cciscos\u201d que nos possa impedir de estarmos atentos e despertos para contemplar e celebrar a Cristo que vive no meio do seu Povo\u201d.<\/p>\n<p>\u201cIrm\u00e3os \u2013 s\u00e3o as palavras no final da carta \u2013 digo mais uma vez, n\u00e3o cesso de dar a gra\u00e7as a Deus por todos voc\u00eas\u2026 deixemos que seja a gratid\u00e3o a suscitar o louvor e que nos encoraje mais uma vez na miss\u00e3o de ungir os nossos irm\u00e3os na esperan\u00e7a. A ser homens que testemunhem com a sua vida a compaix\u00e3o e a miseric\u00f3rdia que s\u00f3 Jesus nos pode dar\u201d.<\/p>\n<\/div>\n<div class=\"article__text\">\n<p><b>Por Sergio Centofanti\/Vatican News<\/b><\/p>\n<\/div>\n","protected":false},"excerpt":{"rendered":"<p>Papa Francisco enviou uma carta por ocasi\u00e3o dos cento e sessenta anos da morte do Cura d\u2019Ars: apoio, proximidade e encorajamento a todos os padres que apesar das fadigas e desilus\u00f5es celebram todos os dias os sacramentos e acompanham o Povo de Deus &nbsp; O Papa Francisco escreveu uma carta aos sacerdotes recordando os cento&nbsp;<\/p>\n<p><a class=\"btn btn-style\" href=\"https:\/\/portalcatolico.net\/portal\/papa-aos-sacerdotes-dou-gracas-a-deus-por-todos-voces\/\">Continue Reading<\/a><\/p>\n","protected":false},"author":2,"featured_media":65773,"comment_status":"open","ping_status":"open","sticky":false,"template":"","format":"standard","meta":{"footnotes":""},"categories":[5],"tags":[],"class_list":["post-65772","post","type-post","status-publish","format-standard","has-post-thumbnail","hentry","category-igreja_no_mundo"],"_links":{"self":[{"href":"https:\/\/portalcatolico.net\/portal\/wp-json\/wp\/v2\/posts\/65772","targetHints":{"allow":["GET"]}}],"collection":[{"href":"https:\/\/portalcatolico.net\/portal\/wp-json\/wp\/v2\/posts"}],"about":[{"href":"https:\/\/portalcatolico.net\/portal\/wp-json\/wp\/v2\/types\/post"}],"author":[{"embeddable":true,"href":"https:\/\/portalcatolico.net\/portal\/wp-json\/wp\/v2\/users\/2"}],"replies":[{"embeddable":true,"href":"https:\/\/portalcatolico.net\/portal\/wp-json\/wp\/v2\/comments?post=65772"}],"version-history":[{"count":1,"href":"https:\/\/portalcatolico.net\/portal\/wp-json\/wp\/v2\/posts\/65772\/revisions"}],"predecessor-version":[{"id":65774,"href":"https:\/\/portalcatolico.net\/portal\/wp-json\/wp\/v2\/posts\/65772\/revisions\/65774"}],"wp:featuredmedia":[{"embeddable":true,"href":"https:\/\/portalcatolico.net\/portal\/wp-json\/wp\/v2\/media\/65773"}],"wp:attachment":[{"href":"https:\/\/portalcatolico.net\/portal\/wp-json\/wp\/v2\/media?parent=65772"}],"wp:term":[{"taxonomy":"category","embeddable":true,"href":"https:\/\/portalcatolico.net\/portal\/wp-json\/wp\/v2\/categories?post=65772"},{"taxonomy":"post_tag","embeddable":true,"href":"https:\/\/portalcatolico.net\/portal\/wp-json\/wp\/v2\/tags?post=65772"}],"curies":[{"name":"wp","href":"https:\/\/api.w.org\/{rel}","templated":true}]}}