{"id":65767,"date":"2019-08-04T00:16:19","date_gmt":"2019-08-04T03:16:19","guid":{"rendered":"http:\/\/portalcatolico.net\/portal\/?p=65767"},"modified":"2019-08-04T06:55:12","modified_gmt":"2019-08-04T09:55:12","slug":"04-de-agosto-dia-do-padre","status":"publish","type":"post","link":"https:\/\/portalcatolico.net\/portal\/04-de-agosto-dia-do-padre\/","title":{"rendered":"04 de agosto: dia do Padre!"},"content":{"rendered":"<p>A Igreja Cat\u00f3lica&nbsp; Apost\u00f3lica Romana&nbsp; celebra o dia do Padre no mesmo dia&nbsp;da festa de S\u00e3o Jo\u00e3o Maria Vianney, padroeiro de todos os sacerdotes, neste&nbsp; 04 de Agosto. \u00c9 comemorada desde 1929 e foi institu\u00edda por Papa&nbsp;Pio XI.<br \/>\n&#8220;Ser padre \u00e9 ser pai, cuidar do rebanho que lhe foi confiado. Seguir os&nbsp;caminhos, os passos de Cristo aqui na terra, aconselhando aqueles que&nbsp;<br \/>\nerram, mostrando por onde trilhar e n\u00e3o se separar de Jesus, sendo&nbsp;caridoso, amoroso com o pr\u00f3ximo, ser humilde. As m\u00e3os de um sacerdote \u00e9&nbsp;ungida e atrav\u00e9s deste minist\u00e9rio ele pode perdoar, aben\u00e7oar.&nbsp; Um pai&nbsp;espiritual dado pelo Senhor para nos guiar no caminho da salva\u00e7\u00e3o. Ser&nbsp;padre n\u00e3o \u00e9 uma tarefa f\u00e1cil! Deixar tudo \u00e9 entregar-se completamente&nbsp;nas m\u00e3os do Senhor. Isso pede voca\u00e7\u00e3o, for\u00e7a e f\u00e9.<\/p>\n<p>O padre \u00e9 um ser&nbsp;humano sujeito a tenta\u00e7\u00f5es, fraquezas e tamb\u00e9m emo\u00e7\u00f5es e sentimentos. \u00c9&nbsp;claro que, em alguns casos, nem sempre os limites humanos s\u00e3o superados,&nbsp;mas a gra\u00e7a divina e a ora\u00e7\u00e3o constante s\u00e3o a melhor ajuda para os&nbsp; momentos de dificuldade. Por isso padre, saiba que eu estou orando&nbsp;sempre por voc\u00ea. Parab\u00e9ns pelo seu dia!&nbsp;Amemos nosso P\u00e1roco, rezemos pelos Padres, o respeitemos, que o vejamos&nbsp;como &#8220;in persona Christi&#8221;, pois \u00e9 Cristo que age por ele&#8221;.<\/p>\n<p>Nas redes sociais da diocese de Ilh\u00e9us (BA), a Pastoral da Comunica\u00e7\u00e3o&nbsp;(PASCOM), publicou uma mensagem do bispo diocesano Dom Mauro Montagnoli,&nbsp; pelo dia do padre:<br \/>\n<strong>Assista o videio e confira a mensagem do bispo da diocese de Ilh\u00e9us.<\/strong><\/p>\n<p><iframe loading=\"lazy\"  id=\"_ytid_86389\"  width=\"480\" height=\"360\"  data-origwidth=\"480\" data-origheight=\"360\" src=\"https:\/\/www.youtube.com\/embed\/32wzVaCud_8?enablejsapi=1&#038;autoplay=0&#038;cc_load_policy=0&#038;cc_lang_pref=&#038;iv_load_policy=1&#038;loop=0&#038;rel=1&#038;fs=1&#038;playsinline=0&#038;autohide=2&#038;theme=dark&#038;color=red&#038;controls=1&#038;disablekb=0&#038;\" class=\"__youtube_prefs__  epyt-is-override  no-lazyload\" title=\"YouTube player\"  allow=\"fullscreen; accelerometer; autoplay; clipboard-write; encrypted-media; gyroscope; picture-in-picture; web-share\" referrerpolicy=\"strict-origin-when-cross-origin\" allowfullscreen data-no-lazy=\"1\" data-skipgform_ajax_framebjll=\"\"><\/iframe><\/p>\n","protected":false},"excerpt":{"rendered":"<p>A Igreja Cat\u00f3lica&nbsp; Apost\u00f3lica Romana&nbsp; celebra o dia do Padre no mesmo dia&nbsp;da festa de S\u00e3o Jo\u00e3o Maria Vianney, padroeiro de todos os sacerdotes, neste&nbsp; 04 de Agosto. \u00c9 comemorada desde 1929 e foi institu\u00edda por Papa&nbsp;Pio XI. &#8220;Ser padre \u00e9 ser pai, cuidar do rebanho que lhe foi confiado. Seguir os&nbsp;caminhos, os passos de&nbsp;<\/p>\n<p><a class=\"btn btn-style\" href=\"https:\/\/portalcatolico.net\/portal\/04-de-agosto-dia-do-padre\/\">Continue Reading<\/a><\/p>\n","protected":false},"author":2,"featured_media":65768,"comment_status":"open","ping_status":"open","sticky":false,"template":"","format":"standard","meta":{"footnotes":""},"categories":[4],"tags":[],"class_list":["post-65767","post","type-post","status-publish","format-standard","has-post-thumbnail","hentry","category-destaques"],"_links":{"self":[{"href":"https:\/\/portalcatolico.net\/portal\/wp-json\/wp\/v2\/posts\/65767","targetHints":{"allow":["GET"]}}],"collection":[{"href":"https:\/\/portalcatolico.net\/portal\/wp-json\/wp\/v2\/posts"}],"about":[{"href":"https:\/\/portalcatolico.net\/portal\/wp-json\/wp\/v2\/types\/post"}],"author":[{"embeddable":true,"href":"https:\/\/portalcatolico.net\/portal\/wp-json\/wp\/v2\/users\/2"}],"replies":[{"embeddable":true,"href":"https:\/\/portalcatolico.net\/portal\/wp-json\/wp\/v2\/comments?post=65767"}],"version-history":[{"count":4,"href":"https:\/\/portalcatolico.net\/portal\/wp-json\/wp\/v2\/posts\/65767\/revisions"}],"predecessor-version":[{"id":65775,"href":"https:\/\/portalcatolico.net\/portal\/wp-json\/wp\/v2\/posts\/65767\/revisions\/65775"}],"wp:featuredmedia":[{"embeddable":true,"href":"https:\/\/portalcatolico.net\/portal\/wp-json\/wp\/v2\/media\/65768"}],"wp:attachment":[{"href":"https:\/\/portalcatolico.net\/portal\/wp-json\/wp\/v2\/media?parent=65767"}],"wp:term":[{"taxonomy":"category","embeddable":true,"href":"https:\/\/portalcatolico.net\/portal\/wp-json\/wp\/v2\/categories?post=65767"},{"taxonomy":"post_tag","embeddable":true,"href":"https:\/\/portalcatolico.net\/portal\/wp-json\/wp\/v2\/tags?post=65767"}],"curies":[{"name":"wp","href":"https:\/\/api.w.org\/{rel}","templated":true}]}}