{"id":65602,"date":"2019-07-25T06:34:47","date_gmt":"2019-07-25T09:34:47","guid":{"rendered":"http:\/\/portalcatolico.net\/portal\/?p=65602"},"modified":"2019-07-26T06:39:24","modified_gmt":"2019-07-26T09:39:24","slug":"hoje-e-dia-de-sao-cristovao","status":"publish","type":"post","link":"https:\/\/portalcatolico.net\/portal\/hoje-e-dia-de-sao-cristovao\/","title":{"rendered":"Hoje \u00e9 dia de S\u00e3o Crist\u00f3v\u00e3o!"},"content":{"rendered":"<p>A Igreja celebra nesta quinta-feira, 25, as&nbsp; festividade de S\u00e3o&nbsp;Crist\u00f3v\u00e3o, patrono dos motoristas e viajantes.<br \/>\n&nbsp;Confira toda a programa\u00e7\u00e3o da Festa de S\u00e3o Crist\u00f3v\u00e3o no cartaz&nbsp;(foto).<\/p>\n<p><img loading=\"lazy\" decoding=\"async\" class=\"wp-image-65605 aligncenter\" src=\"http:\/\/portalcatolico.net\/portal\/wp-content\/uploads\/2019\/07\/S\u00e3io-Cristov\u00e3o-300x214.jpg\" alt=\"\" width=\"736\" height=\"525\" srcset=\"https:\/\/portalcatolico.net\/portal\/wp-content\/uploads\/2019\/07\/S\u00e3io-Cristov\u00e3o-300x214.jpg 300w, https:\/\/portalcatolico.net\/portal\/wp-content\/uploads\/2019\/07\/S\u00e3io-Cristov\u00e3o-768x547.jpg 768w, https:\/\/portalcatolico.net\/portal\/wp-content\/uploads\/2019\/07\/S\u00e3io-Cristov\u00e3o-1024x729.jpg 1024w\" sizes=\"auto, (max-width: 736px) 100vw, 736px\" \/><\/p>\n<p>S\u00e3o 56 anos de tradi\u00e7\u00e3o em nossa comunidade que pertence \u00e0&nbsp;Par\u00f3quia Senhora Deus Menino na cidade de Ibicara\u00ed, no sul da Bahia.<br \/>\nO Dia de S\u00e3o Crist\u00f3v\u00e3o \u00e9 comemorado anualmente em 25 de julho, de acordo&nbsp;com a tradi\u00e7\u00e3o da igreja cat\u00f3lica apost\u00f3lica Romana.<br \/>\nEsta \u00e9 uma data religiosa que homenageia a figura de um dos santos&nbsp;cat\u00f3licos mais populares do mundo: S\u00e3o Crist\u00f3v\u00e3o, o padroeiro dos&nbsp;viajantes e peregrinos.<br \/>\nEm Itabuna, tem uma comunidade no bairro Manoel Le\u00e3o que tamb\u00e9m est\u00e1 em&nbsp;festa: uma carreata sair\u00e1 \u00e0s 15h da&nbsp;&nbsp;Rua de Palha at\u00e9 a comunidade.<\/p>\n<p>&#8220;S\u00e3o Cristov\u00e3o tu conduzes teus irm\u00e3os com tanto amor,Nos ensina a caminhar nessa vida sem temor,<br \/>\nOs motoristas, viajantes peregrinos, \u00e9s protetor,\u00c9s exemplo que deves ser seguido,Inocente o ideal nosso Senhor!&#8221;<\/p>\n","protected":false},"excerpt":{"rendered":"<p>A Igreja celebra nesta quinta-feira, 25, as&nbsp; festividade de S\u00e3o&nbsp;Crist\u00f3v\u00e3o, patrono dos motoristas e viajantes. &nbsp;Confira toda a programa\u00e7\u00e3o da Festa de S\u00e3o Crist\u00f3v\u00e3o no cartaz&nbsp;(foto). S\u00e3o 56 anos de tradi\u00e7\u00e3o em nossa comunidade que pertence \u00e0&nbsp;Par\u00f3quia Senhora Deus Menino na cidade de Ibicara\u00ed, no sul da Bahia. O Dia de S\u00e3o Crist\u00f3v\u00e3o \u00e9 comemorado&nbsp;<\/p>\n<p><a class=\"btn btn-style\" href=\"https:\/\/portalcatolico.net\/portal\/hoje-e-dia-de-sao-cristovao\/\">Continue Reading<\/a><\/p>\n","protected":false},"author":2,"featured_media":65603,"comment_status":"open","ping_status":"open","sticky":false,"template":"","format":"standard","meta":{"footnotes":""},"categories":[4],"tags":[],"class_list":["post-65602","post","type-post","status-publish","format-standard","has-post-thumbnail","hentry","category-destaques"],"_links":{"self":[{"href":"https:\/\/portalcatolico.net\/portal\/wp-json\/wp\/v2\/posts\/65602","targetHints":{"allow":["GET"]}}],"collection":[{"href":"https:\/\/portalcatolico.net\/portal\/wp-json\/wp\/v2\/posts"}],"about":[{"href":"https:\/\/portalcatolico.net\/portal\/wp-json\/wp\/v2\/types\/post"}],"author":[{"embeddable":true,"href":"https:\/\/portalcatolico.net\/portal\/wp-json\/wp\/v2\/users\/2"}],"replies":[{"embeddable":true,"href":"https:\/\/portalcatolico.net\/portal\/wp-json\/wp\/v2\/comments?post=65602"}],"version-history":[{"count":3,"href":"https:\/\/portalcatolico.net\/portal\/wp-json\/wp\/v2\/posts\/65602\/revisions"}],"predecessor-version":[{"id":65607,"href":"https:\/\/portalcatolico.net\/portal\/wp-json\/wp\/v2\/posts\/65602\/revisions\/65607"}],"wp:featuredmedia":[{"embeddable":true,"href":"https:\/\/portalcatolico.net\/portal\/wp-json\/wp\/v2\/media\/65603"}],"wp:attachment":[{"href":"https:\/\/portalcatolico.net\/portal\/wp-json\/wp\/v2\/media?parent=65602"}],"wp:term":[{"taxonomy":"category","embeddable":true,"href":"https:\/\/portalcatolico.net\/portal\/wp-json\/wp\/v2\/categories?post=65602"},{"taxonomy":"post_tag","embeddable":true,"href":"https:\/\/portalcatolico.net\/portal\/wp-json\/wp\/v2\/tags?post=65602"}],"curies":[{"name":"wp","href":"https:\/\/api.w.org\/{rel}","templated":true}]}}