{"id":65598,"date":"2019-07-25T12:27:09","date_gmt":"2019-07-25T15:27:09","guid":{"rendered":"http:\/\/portalcatolico.net\/portal\/?p=65598"},"modified":"2019-07-26T06:31:46","modified_gmt":"2019-07-26T09:31:46","slug":"novenario-de-senhora-santana-continua-em-buerarema-confira-a-programacao","status":"publish","type":"post","link":"https:\/\/portalcatolico.net\/portal\/novenario-de-senhora-santana-continua-em-buerarema-confira-a-programacao\/","title":{"rendered":"Noven\u00e1rio de Senhora Sant\u00b4Ana continua em Buerarema. Confira a programa\u00e7\u00e3o!"},"content":{"rendered":"<p>O Noven\u00e1rio e festa em honra \u00e0 Senhora Sant\u00b4Ana est\u00e1 acontecendo em Buerarema,&nbsp;no sul da Bahia. A programa\u00e7\u00e3o continua at\u00e9 amanh\u00e3, sexta-feira, dia dedicado \u00e0 santa e feriado religioso na cidade.<br \/>\nA celebra\u00e7\u00e3o eucar\u00edstica&nbsp;vai&nbsp;&nbsp;acontecer \u00e0s 19h.&nbsp; Logo ap\u00f3s a santa&nbsp;missa, os fieis v\u00e3o poder se confraternizar numa \u00e1rea de lazer em frente&nbsp;\u00e0 par\u00f3quia, onde vai ter comidas deliciosas e muita m\u00fasica.&nbsp;<br \/>\nO tema central da festa para este ano esta sendo: &#8220;D\u00edzimo: express\u00e3o de&nbsp;f\u00e9 em Deus e responsabilidade com a Igreja e o&nbsp;lema: &#8220;O D\u00edzimo de hoje&nbsp;constr\u00f3i a Igreja do amanh\u00e3&#8221;.<br \/>\nNesta quarta-feira, 24\/07, \u00e0s 19h, aconteceu a 8\u00aa noite do noven\u00e1rio, e a reflex\u00e3o do&nbsp;subtema foi feito por Pe.&nbsp; Geovane Sousa Santos e&nbsp;Silva, SAC, p\u00e1roco da par\u00f3quia S\u00e3o Sebasti\u00e3o da cidade de Camacan (BA).&nbsp;&nbsp;Na oportunidade, ele explicou que esse momento do noven\u00e1rio, era um momento cari\u00f3tico: &#8220;\u00c9 o tempo da gra\u00e7a, \u00e9 o tempo oportuno para permitirmos o que Senhor pode fazer profundamente no nosso cora\u00e7\u00e3o!&#8221;.<\/p>\n<p>Vale ressaltar que a diocese de Itabuna tem duas par\u00f3quias que tem Senhora Santana como padroeira, nas cidades de Buerarema e Floresta Azul.<\/p>\n<p><strong>Confira a&nbsp; programa\u00e7\u00e3o do dia festivo:<\/strong><br \/>\nDia dedicado: Vov\u00f4 e vov\u00f3<br \/>\n05h-Alvorada (Chamada do hino de Senhora Santana pelas ruas da cidade)<br \/>\n10h-Casamento comunit\u00e1rio<br \/>\nDas 11h \u00e0s 13h: ser\u00e1 servido uma deliciosa feijoada<br \/>\n16h-Missa Solene e encerramento da festa com a presid\u00eancia&nbsp; do bispo da&nbsp;&nbsp;diocese de Itabuna, Dom Carlos Alberto dos Santos.<br \/>\nReinaugura\u00e7\u00e3o da igreja matriz e b\u00ean\u00e7\u00e3o do Sant\u00edssimo Sacramento.<br \/>\nProciss\u00e3o com a Imagem da santa pelas ruas da cidade.<\/p>\n<p>Confira em nossa p\u00e1gina oficial no Facebook, o \u00e1lbum das fotos deste&nbsp;evento:<br \/>\n<a href=\"http:\/\/www.facebook.com\/portalcatolicooficial\" target=\"_blank\" rel=\"noopener noreferrer\">www.facebook.com\/portalcatolicooficial<\/a><\/p>\n","protected":false},"excerpt":{"rendered":"<p>O Noven\u00e1rio e festa em honra \u00e0 Senhora Sant\u00b4Ana est\u00e1 acontecendo em Buerarema,&nbsp;no sul da Bahia. A programa\u00e7\u00e3o continua at\u00e9 amanh\u00e3, sexta-feira, dia dedicado \u00e0 santa e feriado religioso na cidade. A celebra\u00e7\u00e3o eucar\u00edstica&nbsp;vai&nbsp;&nbsp;acontecer \u00e0s 19h.&nbsp; Logo ap\u00f3s a santa&nbsp;missa, os fieis v\u00e3o poder se confraternizar numa \u00e1rea de lazer em frente&nbsp;\u00e0 par\u00f3quia, onde vai&nbsp;<\/p>\n<p><a class=\"btn btn-style\" href=\"https:\/\/portalcatolico.net\/portal\/novenario-de-senhora-santana-continua-em-buerarema-confira-a-programacao\/\">Continue Reading<\/a><\/p>\n","protected":false},"author":2,"featured_media":65599,"comment_status":"open","ping_status":"open","sticky":false,"template":"","format":"standard","meta":{"footnotes":""},"categories":[68],"tags":[],"class_list":["post-65598","post","type-post","status-publish","format-standard","has-post-thumbnail","hentry","category-homilias"],"_links":{"self":[{"href":"https:\/\/portalcatolico.net\/portal\/wp-json\/wp\/v2\/posts\/65598","targetHints":{"allow":["GET"]}}],"collection":[{"href":"https:\/\/portalcatolico.net\/portal\/wp-json\/wp\/v2\/posts"}],"about":[{"href":"https:\/\/portalcatolico.net\/portal\/wp-json\/wp\/v2\/types\/post"}],"author":[{"embeddable":true,"href":"https:\/\/portalcatolico.net\/portal\/wp-json\/wp\/v2\/users\/2"}],"replies":[{"embeddable":true,"href":"https:\/\/portalcatolico.net\/portal\/wp-json\/wp\/v2\/comments?post=65598"}],"version-history":[{"count":2,"href":"https:\/\/portalcatolico.net\/portal\/wp-json\/wp\/v2\/posts\/65598\/revisions"}],"predecessor-version":[{"id":65601,"href":"https:\/\/portalcatolico.net\/portal\/wp-json\/wp\/v2\/posts\/65598\/revisions\/65601"}],"wp:featuredmedia":[{"embeddable":true,"href":"https:\/\/portalcatolico.net\/portal\/wp-json\/wp\/v2\/media\/65599"}],"wp:attachment":[{"href":"https:\/\/portalcatolico.net\/portal\/wp-json\/wp\/v2\/media?parent=65598"}],"wp:term":[{"taxonomy":"category","embeddable":true,"href":"https:\/\/portalcatolico.net\/portal\/wp-json\/wp\/v2\/categories?post=65598"},{"taxonomy":"post_tag","embeddable":true,"href":"https:\/\/portalcatolico.net\/portal\/wp-json\/wp\/v2\/tags?post=65598"}],"curies":[{"name":"wp","href":"https:\/\/api.w.org\/{rel}","templated":true}]}}