{"id":65592,"date":"2019-07-24T23:46:45","date_gmt":"2019-07-25T02:46:45","guid":{"rendered":"http:\/\/portalcatolico.net\/portal\/?p=65592"},"modified":"2019-07-25T07:48:44","modified_gmt":"2019-07-25T10:48:44","slug":"sao-cristovao-recebe-homenagens-nesta-quinta-feira-25","status":"publish","type":"post","link":"https:\/\/portalcatolico.net\/portal\/sao-cristovao-recebe-homenagens-nesta-quinta-feira-25\/","title":{"rendered":"S\u00e3o Crist\u00f3v\u00e3o recebe homenagens nesta quinta-feira (25)"},"content":{"rendered":"<p>Nesta quinta-feira (25), os devotos de S\u00e3o Crist\u00f3v\u00e3o, conhecido como o protetor dos motoristas, celebram a festa do padroeiro. Na \u00fanica par\u00f3quia dedicada a ele na Arquidiocese de Salvador, localizada no bairro de mesmo nome, a programa\u00e7\u00e3o especial ter\u00e1 in\u00edcio logo nas primeiras horas da manh\u00e3.<\/p>\n<p>\u00c0s 7h acontecer\u00e1 a primeira Missa do dia, seguida de carreata pelas principais ruas do bairro e de b\u00ean\u00e7\u00e3o dos motoristas. Ao meio dia ser\u00e1 celebrada a segunda Missa em honra ao santo. Os festejos ser\u00e3o encerrados \u00e0s 19h, quando o bispo auxiliar, Dom H\u00e9lio Pereira dos Santos, presidir\u00e1 a Missa Festiva.<\/p>\n<p><strong>&nbsp;<\/strong><strong>S\u00e3o Crist\u00f3v\u00e3o<\/strong><\/p>\n<p>Al\u00e9m de ser o padroeiro dos motoristas, S\u00e3o Crist\u00f3v\u00e3o \u00e9 tamb\u00e9m o protetor dos viajantes. Venerado em todo o mundo, ele usava toda a sua altura e fortaleza para atravessar pessoas de uma margem \u00e0 outra de um rio caudaloso. Certo dia, de repente, quando tomou nos ombros um leve menino, este come\u00e7ou a pesar tanto que Crist\u00f3v\u00e3o precisou apoiar-se num cajado para atravessar o rio. Ouviu, ent\u00e3o, do menino: \u201cMuito mais que o mundo inteiro, tu carregaste o Senhor do Mundo. Sou Jesus, a quem tu serves\u201d.<\/p>\n<p>Por Sara Gomes\/Arquidiocese de Salvador(BA)<\/p>\n","protected":false},"excerpt":{"rendered":"<p>Nesta quinta-feira (25), os devotos de S\u00e3o Crist\u00f3v\u00e3o, conhecido como o protetor dos motoristas, celebram a festa do padroeiro. Na \u00fanica par\u00f3quia dedicada a ele na Arquidiocese de Salvador, localizada no bairro de mesmo nome, a programa\u00e7\u00e3o especial ter\u00e1 in\u00edcio logo nas primeiras horas da manh\u00e3. \u00c0s 7h acontecer\u00e1 a primeira Missa do dia, seguida&nbsp;<\/p>\n<p><a class=\"btn btn-style\" href=\"https:\/\/portalcatolico.net\/portal\/sao-cristovao-recebe-homenagens-nesta-quinta-feira-25\/\">Continue Reading<\/a><\/p>\n","protected":false},"author":2,"featured_media":65593,"comment_status":"open","ping_status":"open","sticky":false,"template":"","format":"standard","meta":{"footnotes":""},"categories":[3],"tags":[],"class_list":["post-65592","post","type-post","status-publish","format-standard","has-post-thumbnail","hentry","category-noticias_regionais"],"_links":{"self":[{"href":"https:\/\/portalcatolico.net\/portal\/wp-json\/wp\/v2\/posts\/65592","targetHints":{"allow":["GET"]}}],"collection":[{"href":"https:\/\/portalcatolico.net\/portal\/wp-json\/wp\/v2\/posts"}],"about":[{"href":"https:\/\/portalcatolico.net\/portal\/wp-json\/wp\/v2\/types\/post"}],"author":[{"embeddable":true,"href":"https:\/\/portalcatolico.net\/portal\/wp-json\/wp\/v2\/users\/2"}],"replies":[{"embeddable":true,"href":"https:\/\/portalcatolico.net\/portal\/wp-json\/wp\/v2\/comments?post=65592"}],"version-history":[{"count":1,"href":"https:\/\/portalcatolico.net\/portal\/wp-json\/wp\/v2\/posts\/65592\/revisions"}],"predecessor-version":[{"id":65594,"href":"https:\/\/portalcatolico.net\/portal\/wp-json\/wp\/v2\/posts\/65592\/revisions\/65594"}],"wp:featuredmedia":[{"embeddable":true,"href":"https:\/\/portalcatolico.net\/portal\/wp-json\/wp\/v2\/media\/65593"}],"wp:attachment":[{"href":"https:\/\/portalcatolico.net\/portal\/wp-json\/wp\/v2\/media?parent=65592"}],"wp:term":[{"taxonomy":"category","embeddable":true,"href":"https:\/\/portalcatolico.net\/portal\/wp-json\/wp\/v2\/categories?post=65592"},{"taxonomy":"post_tag","embeddable":true,"href":"https:\/\/portalcatolico.net\/portal\/wp-json\/wp\/v2\/tags?post=65592"}],"curies":[{"name":"wp","href":"https:\/\/api.w.org\/{rel}","templated":true}]}}