{"id":65451,"date":"2019-07-10T19:54:36","date_gmt":"2019-07-10T22:54:36","guid":{"rendered":"http:\/\/portalcatolico.net\/portal\/?p=65451"},"modified":"2019-07-10T19:54:36","modified_gmt":"2019-07-10T22:54:36","slug":"papa-acolhe-pedido-de-renuncia-e-nomeia-novo-bispo-para-diocese-de-caruaru-pe","status":"publish","type":"post","link":"https:\/\/portalcatolico.net\/portal\/papa-acolhe-pedido-de-renuncia-e-nomeia-novo-bispo-para-diocese-de-caruaru-pe\/","title":{"rendered":"Papa acolhe pedido de ren\u00fancia e nomeia novo bispo para diocese de Caruaru (PE)"},"content":{"rendered":"<p>O Papa Francisco acolheu nesta quarta-feira, 10 de julho, o pedido de ren\u00fancia apresentado por dom Bernardino Marchi\u00f3 ao governo pastoral da diocese de Caruaru (PE) e nomeou como novo bispo dom Jos\u00e9 Ruy Gon\u00e7alves Lopes, at\u00e9 o momento \u00e0 frente da diocese de Jequi\u00e9 (BA). A Confer\u00eancia Nacional dos Bispos do Brasil (CNBB) enviou sauda\u00e7\u00e3o a dom Jos\u00e9 Ruy e uma mensagem de agradecimento a dom Bernardino Marchi\u00f3. Veja abaixo.<\/p>\n<h4><strong>Dom Jos\u00e9 Ruy Gon\u00e7alves Lopes<\/strong><\/h4>\n<p>Baiano de Feira de Santana, ele nasceu em 06 de agosto de 1967, filho de Jos\u00e9 Ionilton C. Lopes (j\u00e1 falecido) e Romilda Gon\u00e7alves Lopes. Ingressou na Ordem dos Frades Menores Capuchinhos em fevereiro de 1985 e emitiu votos em 10 de janeiro de 1988. Foi ordenado sacerdote em dezembro de 1993.<\/p>\n<p>Logo depois da ordena\u00e7\u00e3o, foi p\u00e1roco em Val\u00e9ria e Capel\u00e3o do Lepros\u00e1rio de \u00c1guas Claras na arquidiocese de Salvador (BA). Eleito Definidor Provincial esteve no cargo de 1995 a 1988 quando tamb\u00e9m exerceu a fun\u00e7\u00e3o de Ec\u00f4nomo Provincial. Neste mesmo per\u00edodo tamb\u00e9m teve a responsabilidade da promo\u00e7\u00e3o vocacional e foi Mestre dos p\u00f3s-novi\u00e7os. Entre os anos de 2002 a 2007 foi Ministro Provincial e parte desse tempo foi vice-presidente da Confer\u00eancia dos Capuchinhos do Brasil (2002 a 2004).<\/p>\n<p>Cursou p\u00f3s-gradua\u00e7\u00e3o em Teologia Moral na Faculdade Assun\u00e7\u00e3o de S\u00e3o Paulo em 2007 e 2008. Tamb\u00e9m atuou no Conselho de Forma\u00e7\u00e3o Internacional dos Capuchinhos e no Conselho de Administra\u00e7\u00e3o das Obras Sociais da Beata Irm\u00e3 Dulce. Tamb\u00e9m foi professor de Teologia Moral na Faculdade Arquidiocesana e diretor do Col\u00e9gio Santo Ant\u00f4nio de Feira de Santana (BA).<\/p>\n<p>Foi nomeado bispo de Jequi\u00e9 (BA) pelo Papa Bento XVI no dia 4 de julho de 2012 e recebeu a ordena\u00e7\u00e3o episcopal no dia 7 de setembro desse mesmo ano. Sucede a dom Bernardino Marchi\u00f3, cuja ren\u00fancia ao cuidado pastoral da mesma diocese de Caruaru (PE) foi aceita pelo Santo Padre por ter chegado ao limite de idade de 75 anos estabelecido pelo C\u00f3digo de Direito Can\u00f4nico.<\/p>\n<blockquote>\n<h4><strong>Sauda\u00e7\u00e3o da CNBB a dom Jos\u00e9 Ruy Gon\u00e7alves Lopes<\/strong><\/h4>\n<p>Bras\u00edlia (DF), 10 de julho de 2019<\/p>\n<p>Estimado irm\u00e3o, Dom Jos\u00e9 Ruy Gon\u00e7alves Lopes<\/p>\n<p>A Confer\u00eancia Nacional dos Bispos do Brasil (CNBB) recebeu com alegria a sua nomea\u00e7\u00e3o como novo bispo da Diocese de Caruaru (PE), nesta quarta-feira, dia 10 de julho. Ao mesmo tempo que agradecemos seu servi\u00e7o e dedica\u00e7\u00e3o como pastor da diocese de Jequi\u00e9 (BA), desejamos que esta nova miss\u00e3o seja frutuosa junto ao clero, religiosos e o povo de Deus daquela Igreja Particular.<\/p>\n<p>Que o exemplo de S\u00e3o Francisco de Assis, reiterado em gestos e palavras pelo papa Franscisco, o inspire sempre a ser um peregrino que tendo feito o encontro transformador com Jesus Cristo despoja-se para viver como verdadeiro filho do Pai que est\u00e1 nos c\u00e9us. Que como ele, rico que era, aprendamos a nos tornar pobres para que sejamos ricos por meio da pobreza em meio aos pequeninos a quem Deus escolheu amar preferencialmente.<\/p>\n<p>Que S\u00e3o Francisco te acompanhe e fortale\u00e7a nesta nova miss\u00e3o.<\/p>\n<p>Em Cristo,<\/p>\n<p><strong>Dom Walmor Oliveira de Azevedo<\/strong><br \/>\nArcebispo de Belo Horizonte (MG)<br \/>\nPresidente da CNBB<\/p>\n<p><strong>Dom Jaime Spengler<\/strong><br \/>\nArcebispo de Porto Alegre (RS)<br \/>\nPrimeiro Vice-Presidente da CNBB<\/p>\n<p><strong>Dom M\u00e1rio Ant\u00f4nio da Silva<\/strong><br \/>\nBispo de Roraima (RR)<br \/>\nSegundo Vice-Presidente da CNBB<\/p>\n<p><strong>Dom Joel Portella Amado<\/strong><br \/>\nBispo auxiliar da arquidiocese de S\u00e3o Sebasti\u00e3o do Rio de Janeiro (RJ)<br \/>\nSecret\u00e1rio-geral da CNBB<\/p><\/blockquote>\n<h2><strong>Novo bispo em\u00e9rito<\/strong><\/h2>\n<p><a href=\"http:\/\/www.cnbb.org.br\/?attachment_id=222580\"><img loading=\"lazy\" decoding=\"async\" class=\"size-medium wp-image-222580 alignleft\" src=\"http:\/\/www.cnbb.org.br\/wp-content\/uploads\/sites\/32\/2019\/07\/Bernardino-300x191.jpg\" srcset=\"http:\/\/www.cnbb.org.br\/wp-content\/uploads\/sites\/32\/2019\/07\/Bernardino-300x191.jpg 300w, http:\/\/www.cnbb.org.br\/wp-content\/uploads\/sites\/32\/2019\/07\/Bernardino-768x488.jpg 768w, http:\/\/www.cnbb.org.br\/wp-content\/uploads\/sites\/32\/2019\/07\/Bernardino-1024x650.jpg 1024w, http:\/\/www.cnbb.org.br\/wp-content\/uploads\/sites\/32\/2019\/07\/Bernardino.jpg 1200w\" alt=\"\" width=\"300\" height=\"191\"><\/a>Dom Bernardino Marchi\u00f3, italiano naturalizado no Brasil, soma 28 anos de episcopado. De 1991 a 1993, ele foi bispo-coadjutor de Pesqueira (PE). De 1993 a 2002, assumiu como o titular da mesma diocese. Desde 2003, o bispo exerceu as fun\u00e7\u00f5es eclesiais na diocese de Caruaru que abrange 19 cidades do agreste Pernambucano. De 2006 a 2007 foi administrado apost\u00f3lico de Nazar\u00e9 (PE).<\/p>\n<p>Ele foi respons\u00e1vel pela Catequese, Pastoral da Sobriedade, Pastoral do Menor e Novas Comunidades do regional Nordeste 2. Tamb\u00e9m exerceu fun\u00e7\u00f5es na CNBB, sendo bispo da Comiss\u00e3o Episcopal Pastoral para a Juventude.<\/p>\n<p>No dia 6 de setembro de 2018, dom Bernardino Marchi\u00f3 completou 75 anos de idade, sendo obrigat\u00f3rio solicitar a ren\u00fancia do bispado conforme prev\u00ea o C\u00f3digo de Direito Can\u00f4nico.&nbsp;O procedimento de ren\u00fancia do cargo \u00e9 exigido pelo C\u00f3digo de Direito Can\u00f4nico promulgado pelo Papa Jo\u00e3o Paulo II em 1983. O bispo diocesano que tiver 75 anos de idade completos deve apresentar ren\u00fancia do seu of\u00edcio ao Papa, que dever\u00e1 avaliar as circunst\u00e2ncias do processo para nomea\u00e7\u00e3o de um novo bispo. A regra \u00e9 estabelecida no C\u00e2non 401, par\u00e1grafo primeiro do documento.<\/p>\n<p>Em seguida, com a aprova\u00e7\u00e3o do pedido de ren\u00fancia, o par\u00e1grafo primeiro do C\u00e2non 402, prev\u00ea a emeritude do bispo. Para a Igreja Cat\u00f3lica, o processo de emeritude \u00e9 apresentado como uma forma de aposentadoria episcopal. A Presid\u00eancia da Confer\u00eancia Nacional dos Bispos do Brasil (CNBB) enviou mensagem de agradecimento a dom Bernardino.<\/p>\n<blockquote>\n<h4><strong>Agradecimento da CNBB a Bernardino Marchi\u00f3<\/strong><\/h4>\n<p>Bras\u00edlia (DF), 10 de julho de 2019<\/p>\n<p>Estimado irm\u00e3o, Dom Bernardino Marchi\u00f3,<\/p>\n<p>A Confer\u00eancia Nacional dos Bispos do Brasil (CNBB) manifesta gratid\u00e3o a Deus pela sua vida mission\u00e1ria no Brasil e seu minist\u00e9rio episcopal, em particular pelos dezesseis anos \u00e0 frente do governo pastoral da Diocese de Caruaru (PE).<\/p>\n<p>Recordando seu lema episcopal, \u201cAlegres na Esperan\u00e7a\u201d, salientamos os 28 anos de minist\u00e9rio episcopal e de miss\u00e3o no Brasil e todo o empenho na causa da evangeliza\u00e7\u00e3o na regi\u00e3o Nordeste.<\/p>\n<p>Que Deus nos permita a aprender de seu exemplo, como nos motiva o Papa Francisco na mensagem para o Dia Mundial das Miss\u00f5es deste ano: \u201cA Igreja est\u00e1 em miss\u00e3o no mundo: a f\u00e9 em Jesus Cristo d\u00e1-nos a justa dimens\u00e3o de todas as coisas, fazendo-nos ver o mundo com os olhos e o cora\u00e7\u00e3o de Deus; a esperan\u00e7a abre-nos aos horizontes eternos da vida divina, de que verdadeiramente participamos; a caridade, que antegozamos nos sacramentos e no amor fraterno, impele-nos at\u00e9 aos confins da terra\u201d.<\/p>\n<p>Rogamos a Deus que o seu emeritato seja um tempo de paz e sa\u00fade.<\/p>\n<p>Em Cristo,<\/p>\n<p><strong>Dom Walmor Oliveira de Azevedo<\/strong><br \/>\nArcebispo de Belo Horizonte (MG)<br \/>\nPresidente da CNBB<\/p>\n<p><strong>Dom Jaime Spengler<\/strong><br \/>\nArcebispo de Porto Alegre (RS)<br \/>\nPrimeiro Vice-Presidente da CNBB<\/p>\n<p><strong>Dom M\u00e1rio Ant\u00f4nio da Silva<\/strong><br \/>\nBispo de Roraima (RR)<br \/>\nSegundo Vice-Presidente da CNBB<\/p>\n<p><strong>Dom Joel Portella Amado<\/strong><br \/>\nBispo auxiliar da arquidiocese de S\u00e3o Sebasti\u00e3o do Rio de Janeiro (RJ)<br \/>\nSecret\u00e1rio-geral da CNBB<\/p>\n<p>Informa\u00e7\u00f5es do site oficial da CNBB<\/p><\/blockquote>\n","protected":false},"excerpt":{"rendered":"<p>O Papa Francisco acolheu nesta quarta-feira, 10 de julho, o pedido de ren\u00fancia apresentado por dom Bernardino Marchi\u00f3 ao governo pastoral da diocese de Caruaru (PE) e nomeou como novo bispo dom Jos\u00e9 Ruy Gon\u00e7alves Lopes, at\u00e9 o momento \u00e0 frente da diocese de Jequi\u00e9 (BA). A Confer\u00eancia Nacional dos Bispos do Brasil (CNBB) enviou&nbsp;<\/p>\n<p><a class=\"btn btn-style\" href=\"https:\/\/portalcatolico.net\/portal\/papa-acolhe-pedido-de-renuncia-e-nomeia-novo-bispo-para-diocese-de-caruaru-pe\/\">Continue Reading<\/a><\/p>\n","protected":false},"author":2,"featured_media":65452,"comment_status":"open","ping_status":"open","sticky":false,"template":"","format":"standard","meta":{"footnotes":""},"categories":[3],"tags":[],"class_list":["post-65451","post","type-post","status-publish","format-standard","has-post-thumbnail","hentry","category-noticias_regionais"],"_links":{"self":[{"href":"https:\/\/portalcatolico.net\/portal\/wp-json\/wp\/v2\/posts\/65451","targetHints":{"allow":["GET"]}}],"collection":[{"href":"https:\/\/portalcatolico.net\/portal\/wp-json\/wp\/v2\/posts"}],"about":[{"href":"https:\/\/portalcatolico.net\/portal\/wp-json\/wp\/v2\/types\/post"}],"author":[{"embeddable":true,"href":"https:\/\/portalcatolico.net\/portal\/wp-json\/wp\/v2\/users\/2"}],"replies":[{"embeddable":true,"href":"https:\/\/portalcatolico.net\/portal\/wp-json\/wp\/v2\/comments?post=65451"}],"version-history":[{"count":1,"href":"https:\/\/portalcatolico.net\/portal\/wp-json\/wp\/v2\/posts\/65451\/revisions"}],"predecessor-version":[{"id":65453,"href":"https:\/\/portalcatolico.net\/portal\/wp-json\/wp\/v2\/posts\/65451\/revisions\/65453"}],"wp:featuredmedia":[{"embeddable":true,"href":"https:\/\/portalcatolico.net\/portal\/wp-json\/wp\/v2\/media\/65452"}],"wp:attachment":[{"href":"https:\/\/portalcatolico.net\/portal\/wp-json\/wp\/v2\/media?parent=65451"}],"wp:term":[{"taxonomy":"category","embeddable":true,"href":"https:\/\/portalcatolico.net\/portal\/wp-json\/wp\/v2\/categories?post=65451"},{"taxonomy":"post_tag","embeddable":true,"href":"https:\/\/portalcatolico.net\/portal\/wp-json\/wp\/v2\/tags?post=65451"}],"curies":[{"name":"wp","href":"https:\/\/api.w.org\/{rel}","templated":true}]}}