{"id":65339,"date":"2019-07-06T07:04:57","date_gmt":"2019-07-06T10:04:57","guid":{"rendered":"http:\/\/portalcatolico.net\/portal\/?p=65339"},"modified":"2019-07-06T07:12:24","modified_gmt":"2019-07-06T10:12:24","slug":"hoje-e-celebrada-santa-maria-goretti-a-doce-martir-da-pureza","status":"publish","type":"post","link":"https:\/\/portalcatolico.net\/portal\/hoje-e-celebrada-santa-maria-goretti-a-doce-martir-da-pureza\/","title":{"rendered":"Hoje \u00e9 celebrada Santa Maria Goretti, a doce m\u00e1rtir da pureza"},"content":{"rendered":"<p>Maria Goretti era uma humilde camponesa que nasceu em 16 de outubro de 1890, na cidade de Corinaldo, na It\u00e1lia. Seus pais, Luiz e Assunta, criaram os sete filhos em meio \u00e0 pen\u00faria de uma vida de necessidades, mas dentro dos preceitos ditados por Jesus Cristo.<\/p>\n<p>A menina Maria, por ser a mais velha, cresceu cuidando dos irm\u00e3os pequenos em casa, enquanto os pais labutavam no campo. As dificuldades financeiras eram tantas que a fam\u00edlia migrou de povoado em povoado at\u00e9 se fixar num povoado in\u00f3spito chamado Ferrieri. Nesta localidade, a fam\u00edlia passou a residir na mesma propriedade de Jo\u00e3o Sereneli. Este anci\u00e3o de sessenta anos de idade tinha tamb\u00e9m dois filhos: Gaspar e Alexandre, este com dezoito anos de idade.<\/p>\n<p>Alexandre passou a assediar Maria. Apesar da pouca idade, ela era bonita e bem desenvolvida, j\u00e1 atraindo os olhares masculinos. Como recusasse todas as aproxima\u00e7\u00f5es do rapaz, este se irritou ao extremo at\u00e9 que no dia 05 de julho de 1902 ele perdeu a raz\u00e3o e a trag\u00e9dia aconteceu. O jovem tentou convencer Maria a entregar-se a ele e, diante da resit\u00eancia da menina, Alexandre a golpeou violentamente com uma barra.<\/p>\n<p>Maria Goretti morreu no dia seguinte ao ataque, no dia 06 de julho de 1902, ap\u00f3s perdoar seu agressor. Quanto a Alexandre, foi preso e condenado a trabalhos for\u00e7ados. Por\u00e9m, depois de vinte e sete anos de pris\u00e3o foi solto por bom comportamento. Pediu perd\u00e3o \u00e0 m\u00e3e de Maria Goretti, ingressou num convento capuchinho, onde viveu sua sincera convers\u00e3o at\u00e9 morrer.<\/p>\n<p>Em 1950 ela foi canonizada. Nesta solenidade, estava presente a sua m\u00e3e Assunta, ent\u00e3o com oitenta e quatro anos, ao lado de quatro de seus filhos e Alexandre Sereneli, o agressor sinceramente convertido. O Papa Pio XII declarou Santa Maria Goretti padroeira das virgens crist\u00e3s.<\/p>\n<p><strong>Por Padre Evaldo C\u00e9sar de Souza, CSsR\/Catedral Metropolitana de N.S. Aparacida<\/strong><\/p>\n","protected":false},"excerpt":{"rendered":"<p>Maria Goretti era uma humilde camponesa que nasceu em 16 de outubro de 1890, na cidade de Corinaldo, na It\u00e1lia. Seus pais, Luiz e Assunta, criaram os sete filhos em meio \u00e0 pen\u00faria de uma vida de necessidades, mas dentro dos preceitos ditados por Jesus Cristo. A menina Maria, por ser a mais velha, cresceu&nbsp;<\/p>\n<p><a class=\"btn btn-style\" href=\"https:\/\/portalcatolico.net\/portal\/hoje-e-celebrada-santa-maria-goretti-a-doce-martir-da-pureza\/\">Continue Reading<\/a><\/p>\n","protected":false},"author":2,"featured_media":65342,"comment_status":"open","ping_status":"open","sticky":false,"template":"","format":"standard","meta":{"footnotes":""},"categories":[69],"tags":[],"class_list":["post-65339","post","type-post","status-publish","format-standard","has-post-thumbnail","hentry","category-artigos"],"_links":{"self":[{"href":"https:\/\/portalcatolico.net\/portal\/wp-json\/wp\/v2\/posts\/65339","targetHints":{"allow":["GET"]}}],"collection":[{"href":"https:\/\/portalcatolico.net\/portal\/wp-json\/wp\/v2\/posts"}],"about":[{"href":"https:\/\/portalcatolico.net\/portal\/wp-json\/wp\/v2\/types\/post"}],"author":[{"embeddable":true,"href":"https:\/\/portalcatolico.net\/portal\/wp-json\/wp\/v2\/users\/2"}],"replies":[{"embeddable":true,"href":"https:\/\/portalcatolico.net\/portal\/wp-json\/wp\/v2\/comments?post=65339"}],"version-history":[{"count":3,"href":"https:\/\/portalcatolico.net\/portal\/wp-json\/wp\/v2\/posts\/65339\/revisions"}],"predecessor-version":[{"id":65343,"href":"https:\/\/portalcatolico.net\/portal\/wp-json\/wp\/v2\/posts\/65339\/revisions\/65343"}],"wp:featuredmedia":[{"embeddable":true,"href":"https:\/\/portalcatolico.net\/portal\/wp-json\/wp\/v2\/media\/65342"}],"wp:attachment":[{"href":"https:\/\/portalcatolico.net\/portal\/wp-json\/wp\/v2\/media?parent=65339"}],"wp:term":[{"taxonomy":"category","embeddable":true,"href":"https:\/\/portalcatolico.net\/portal\/wp-json\/wp\/v2\/categories?post=65339"},{"taxonomy":"post_tag","embeddable":true,"href":"https:\/\/portalcatolico.net\/portal\/wp-json\/wp\/v2\/tags?post=65339"}],"curies":[{"name":"wp","href":"https:\/\/api.w.org\/{rel}","templated":true}]}}