{"id":65336,"date":"2019-07-05T16:54:42","date_gmt":"2019-07-05T19:54:42","guid":{"rendered":"http:\/\/portalcatolico.net\/portal\/?p=65336"},"modified":"2019-07-05T16:54:42","modified_gmt":"2019-07-05T19:54:42","slug":"canavieiras-sociedade-civil-e-homenageada-na-5-noite-do-trezenario-de-sao-boaventura","status":"publish","type":"post","link":"https:\/\/portalcatolico.net\/portal\/canavieiras-sociedade-civil-e-homenageada-na-5-noite-do-trezenario-de-sao-boaventura\/","title":{"rendered":"Canavieiras: Sociedade Civil \u00e9 homenageada na 5\u00b0 noite do trezen\u00e1rio de S\u00e3o Boaventura"},"content":{"rendered":"<p>Nesta quinta-feira(4) aconteceu na Par\u00f3quia de S\u00e3o Boaventura, a quinta noite do trezen\u00e1rio que come\u00e7ou no dia 1\u00b0 deste m\u00eas de julho. A noiteira foi a sociedade civil que esteve representada pela Academia de Letras e Artes de Canavieiras &#8211; ALAC, R\u00e1dio Studio Fm e emissora da RBR, Filarmonicas 2 de Janeiro e Lyra do Com\u00e9rcio, APLB Sindicato, Sindispuc, Clube da Melhor Idade, Associa\u00e7\u00e3o Ponto de Leitura e representantes da Guarda Civil e Pol\u00edcia Militar de Canavieiras.<\/p>\n<p>A celebra\u00e7\u00e3o foi presidida pelo convidado da noite, Frei Ivanilton, p\u00e1roco da Par\u00f3quia Nossa Senhora da Piedade em Itabuna que trouxe uma mensagem baseada no sub- tema da noite&#8230;LEIA MAIS: <a href=\"https:\/\/www.studiofmba.com.br\/post;id=2329\">https:\/\/www.studiofmba.com.br\/post;id=2329<\/a><\/p>\n<p>Fonte e fotos: Studio FM<\/p>\n","protected":false},"excerpt":{"rendered":"<p>Nesta quinta-feira(4) aconteceu na Par\u00f3quia de S\u00e3o Boaventura, a quinta noite do trezen\u00e1rio que come\u00e7ou no dia 1\u00b0 deste m\u00eas de julho. A noiteira foi a sociedade civil que esteve representada pela Academia de Letras e Artes de Canavieiras &#8211; ALAC, R\u00e1dio Studio Fm e emissora da RBR, Filarmonicas 2 de Janeiro e Lyra do&nbsp;<\/p>\n<p><a class=\"btn btn-style\" href=\"https:\/\/portalcatolico.net\/portal\/canavieiras-sociedade-civil-e-homenageada-na-5-noite-do-trezenario-de-sao-boaventura\/\">Continue Reading<\/a><\/p>\n","protected":false},"author":2,"featured_media":65337,"comment_status":"open","ping_status":"open","sticky":false,"template":"","format":"standard","meta":{"footnotes":""},"categories":[4],"tags":[],"class_list":["post-65336","post","type-post","status-publish","format-standard","has-post-thumbnail","hentry","category-destaques"],"_links":{"self":[{"href":"https:\/\/portalcatolico.net\/portal\/wp-json\/wp\/v2\/posts\/65336","targetHints":{"allow":["GET"]}}],"collection":[{"href":"https:\/\/portalcatolico.net\/portal\/wp-json\/wp\/v2\/posts"}],"about":[{"href":"https:\/\/portalcatolico.net\/portal\/wp-json\/wp\/v2\/types\/post"}],"author":[{"embeddable":true,"href":"https:\/\/portalcatolico.net\/portal\/wp-json\/wp\/v2\/users\/2"}],"replies":[{"embeddable":true,"href":"https:\/\/portalcatolico.net\/portal\/wp-json\/wp\/v2\/comments?post=65336"}],"version-history":[{"count":1,"href":"https:\/\/portalcatolico.net\/portal\/wp-json\/wp\/v2\/posts\/65336\/revisions"}],"predecessor-version":[{"id":65338,"href":"https:\/\/portalcatolico.net\/portal\/wp-json\/wp\/v2\/posts\/65336\/revisions\/65338"}],"wp:featuredmedia":[{"embeddable":true,"href":"https:\/\/portalcatolico.net\/portal\/wp-json\/wp\/v2\/media\/65337"}],"wp:attachment":[{"href":"https:\/\/portalcatolico.net\/portal\/wp-json\/wp\/v2\/media?parent=65336"}],"wp:term":[{"taxonomy":"category","embeddable":true,"href":"https:\/\/portalcatolico.net\/portal\/wp-json\/wp\/v2\/categories?post=65336"},{"taxonomy":"post_tag","embeddable":true,"href":"https:\/\/portalcatolico.net\/portal\/wp-json\/wp\/v2\/tags?post=65336"}],"curies":[{"name":"wp","href":"https:\/\/api.w.org\/{rel}","templated":true}]}}