{"id":65329,"date":"2019-07-05T16:09:25","date_gmt":"2019-07-05T19:09:25","guid":{"rendered":"http:\/\/portalcatolico.net\/portal\/?p=65329"},"modified":"2019-07-05T16:25:30","modified_gmt":"2019-07-05T19:25:30","slug":"convite-missa-em-comemoracao-de-aniversario-das-equipes-de-nossa-senhora-em-itabuna","status":"publish","type":"post","link":"https:\/\/portalcatolico.net\/portal\/convite-missa-em-comemoracao-de-aniversario-das-equipes-de-nossa-senhora-em-itabuna\/","title":{"rendered":"Convite: Missa em comemora\u00e7\u00e3o de anivers\u00e1rio das equipes de Nossa Senhora em Itabuna"},"content":{"rendered":"<p>Ser\u00e1 realizada uma celebra\u00e7\u00e3o eucar\u00edstica, \u00e0s 18h, na Catedral&nbsp;de S\u00e3o Jos\u00e9, em Itabuna (BA), neste s\u00e1bado, 06 de julho.<\/p>\n<p>A missa tem m\u00f3vito especial: comemora\u00e7\u00e3o dos 19 anos de funda\u00e7\u00e3o e cria\u00e7\u00e3o do&nbsp;movimento das equipes de Nossa Senhora na diocese de&nbsp; Itabuna.<\/p>\n<p>Participe!<\/p>\n<p>Foto:Acervo\/Portal Cat\u00f3lico.Net<\/p>\n","protected":false},"excerpt":{"rendered":"<p>Ser\u00e1 realizada uma celebra\u00e7\u00e3o eucar\u00edstica, \u00e0s 18h, na Catedral&nbsp;de S\u00e3o Jos\u00e9, em Itabuna (BA), neste s\u00e1bado, 06 de julho. A missa tem m\u00f3vito especial: comemora\u00e7\u00e3o dos 19 anos de funda\u00e7\u00e3o e cria\u00e7\u00e3o do&nbsp;movimento das equipes de Nossa Senhora na diocese de&nbsp; Itabuna. Participe! Foto:Acervo\/Portal Cat\u00f3lico.Net<\/p>\n","protected":false},"author":2,"featured_media":65333,"comment_status":"open","ping_status":"open","sticky":false,"template":"","format":"standard","meta":{"footnotes":""},"categories":[2],"tags":[],"class_list":["post-65329","post","type-post","status-publish","format-standard","has-post-thumbnail","hentry","category-eventos"],"_links":{"self":[{"href":"https:\/\/portalcatolico.net\/portal\/wp-json\/wp\/v2\/posts\/65329","targetHints":{"allow":["GET"]}}],"collection":[{"href":"https:\/\/portalcatolico.net\/portal\/wp-json\/wp\/v2\/posts"}],"about":[{"href":"https:\/\/portalcatolico.net\/portal\/wp-json\/wp\/v2\/types\/post"}],"author":[{"embeddable":true,"href":"https:\/\/portalcatolico.net\/portal\/wp-json\/wp\/v2\/users\/2"}],"replies":[{"embeddable":true,"href":"https:\/\/portalcatolico.net\/portal\/wp-json\/wp\/v2\/comments?post=65329"}],"version-history":[{"count":3,"href":"https:\/\/portalcatolico.net\/portal\/wp-json\/wp\/v2\/posts\/65329\/revisions"}],"predecessor-version":[{"id":65335,"href":"https:\/\/portalcatolico.net\/portal\/wp-json\/wp\/v2\/posts\/65329\/revisions\/65335"}],"wp:featuredmedia":[{"embeddable":true,"href":"https:\/\/portalcatolico.net\/portal\/wp-json\/wp\/v2\/media\/65333"}],"wp:attachment":[{"href":"https:\/\/portalcatolico.net\/portal\/wp-json\/wp\/v2\/media?parent=65329"}],"wp:term":[{"taxonomy":"category","embeddable":true,"href":"https:\/\/portalcatolico.net\/portal\/wp-json\/wp\/v2\/categories?post=65329"},{"taxonomy":"post_tag","embeddable":true,"href":"https:\/\/portalcatolico.net\/portal\/wp-json\/wp\/v2\/tags?post=65329"}],"curies":[{"name":"wp","href":"https:\/\/api.w.org\/{rel}","templated":true}]}}