{"id":65326,"date":"2019-07-05T16:01:32","date_gmt":"2019-07-05T19:01:32","guid":{"rendered":"http:\/\/portalcatolico.net\/portal\/?p=65326"},"modified":"2019-07-05T16:01:32","modified_gmt":"2019-07-05T19:01:32","slug":"comunidade-mefa-precisa-de-doacao-de-moveis-veja-como-ajudar","status":"publish","type":"post","link":"https:\/\/portalcatolico.net\/portal\/comunidade-mefa-precisa-de-doacao-de-moveis-veja-como-ajudar\/","title":{"rendered":"Comunidade MEFA precisa de doa\u00e7\u00e3o de m\u00f3veis. Veja como ajudar!"},"content":{"rendered":"<p>A comunidade cat\u00f3lica <strong>MEFA<\/strong> (Miss\u00e3o Eucar\u00edstica&nbsp;Fogo no Altar),em Itabuna (BA),est\u00e1 necessitando de m\u00f3veis para a casa mission\u00e1ria.&nbsp;&nbsp;<br \/>\nOs moveis requisitados s\u00e3o:&nbsp;c\u00f4modas e guarda- roupa.<br \/>\nPara fazer a doa\u00e7\u00e3o ou obter maiores informa\u00e7\u00f5es, entre em contato pelos telefones (73)&nbsp;98858-8831\/98817-2209\/ 9134-6351\/ 8249-6493.<\/p>\n<p>Foto:Reprodu\u00e7\u00e3o\/Facebook<\/p>\n","protected":false},"excerpt":{"rendered":"<p>A comunidade cat\u00f3lica MEFA (Miss\u00e3o Eucar\u00edstica&nbsp;Fogo no Altar),em Itabuna (BA),est\u00e1 necessitando de m\u00f3veis para a casa mission\u00e1ria.&nbsp;&nbsp; Os moveis requisitados s\u00e3o:&nbsp;c\u00f4modas e guarda- roupa. Para fazer a doa\u00e7\u00e3o ou obter maiores informa\u00e7\u00f5es, entre em contato pelos telefones (73)&nbsp;98858-8831\/98817-2209\/ 9134-6351\/ 8249-6493. Foto:Reprodu\u00e7\u00e3o\/Facebook<\/p>\n","protected":false},"author":2,"featured_media":65327,"comment_status":"open","ping_status":"open","sticky":false,"template":"","format":"standard","meta":{"footnotes":""},"categories":[1],"tags":[],"class_list":["post-65326","post","type-post","status-publish","format-standard","has-post-thumbnail","hentry","category-agenda"],"_links":{"self":[{"href":"https:\/\/portalcatolico.net\/portal\/wp-json\/wp\/v2\/posts\/65326","targetHints":{"allow":["GET"]}}],"collection":[{"href":"https:\/\/portalcatolico.net\/portal\/wp-json\/wp\/v2\/posts"}],"about":[{"href":"https:\/\/portalcatolico.net\/portal\/wp-json\/wp\/v2\/types\/post"}],"author":[{"embeddable":true,"href":"https:\/\/portalcatolico.net\/portal\/wp-json\/wp\/v2\/users\/2"}],"replies":[{"embeddable":true,"href":"https:\/\/portalcatolico.net\/portal\/wp-json\/wp\/v2\/comments?post=65326"}],"version-history":[{"count":1,"href":"https:\/\/portalcatolico.net\/portal\/wp-json\/wp\/v2\/posts\/65326\/revisions"}],"predecessor-version":[{"id":65328,"href":"https:\/\/portalcatolico.net\/portal\/wp-json\/wp\/v2\/posts\/65326\/revisions\/65328"}],"wp:featuredmedia":[{"embeddable":true,"href":"https:\/\/portalcatolico.net\/portal\/wp-json\/wp\/v2\/media\/65327"}],"wp:attachment":[{"href":"https:\/\/portalcatolico.net\/portal\/wp-json\/wp\/v2\/media?parent=65326"}],"wp:term":[{"taxonomy":"category","embeddable":true,"href":"https:\/\/portalcatolico.net\/portal\/wp-json\/wp\/v2\/categories?post=65326"},{"taxonomy":"post_tag","embeddable":true,"href":"https:\/\/portalcatolico.net\/portal\/wp-json\/wp\/v2\/tags?post=65326"}],"curies":[{"name":"wp","href":"https:\/\/api.w.org\/{rel}","templated":true}]}}