{"id":65306,"date":"2019-07-04T17:20:18","date_gmt":"2019-07-04T20:20:18","guid":{"rendered":"http:\/\/portalcatolico.net\/portal\/?p=65306"},"modified":"2019-07-04T17:24:21","modified_gmt":"2019-07-04T20:24:21","slug":"igreja-de-sao-jorge-em-ilheus-vai-ser-reaberta-nesta-sexta-feira","status":"publish","type":"post","link":"https:\/\/portalcatolico.net\/portal\/igreja-de-sao-jorge-em-ilheus-vai-ser-reaberta-nesta-sexta-feira\/","title":{"rendered":"Igreja de S\u00e3o Jorge, em Ilh\u00e9us, vai ser reaberta nesta sexta-feira!"},"content":{"rendered":"<p>Depois de quase quatro anos fechada para restaura\u00e7\u00e3o, finalmente,&nbsp;nessa sexta-feira, dia 5, acontece a reabertura da Igreja de S\u00e3o Jorge, em Ilh\u00e9us (BA), com uma missa, \u00e0s cinco e meia da tarde, presidida pelo Bispo da Diocese de Ilh\u00e9us, Dom Mauro Montagnoli.<\/p>\n<p>&nbsp;A igreja \u00e9 uma constru\u00e7\u00e3o antiga, do final do s\u00e9culo 16, que conta a hist\u00f3ria de Ilh\u00e9us, e que traz o nome de um dos padroeiros da cidade, S\u00e3o jorge, santo protetor e guerreiro. O trabalho de restaura\u00e7\u00e3o durou um ano, e&nbsp;&nbsp;foi feito pelo restaurador que veio da cidade de Cachoeira, Alex kleb. Atualmente, ele est\u00e1 fazendo a parte da pintura original das paredes, que vai demorar em torno de tr\u00eas meses pra ser finalizada.<\/p>\n<p>Mas, vale ressaltar, que ainda falta concluir 40 por cento da obra de restaura\u00e7\u00e3o da igreja, como exemplo, o coro, reparos no piso, al\u00e9m das portas, pinturas interna e externa, os sinos e algumas rachaduras na fachada da igreja.<\/p>\n<p>A Igreja de S\u00e3o Jorge foi fechada pra restaura\u00e7\u00e3o em 2015. A obra de reparo come\u00e7ou em 2016.<\/p>\n<p>Pra ajudar no processo de restaura\u00e7\u00e3o, desde 2016 foi montado o projeto &#8220;Todos pela Igreja de S\u00e3o Jorge&#8221;, que \u00e9 coordenado por Gra\u00e7a Barbosa.<\/p>\n<p>Segundo ela, a campanha parou anteriormente, porque foram recebidos recursos do Governo do estado. Mas, agora, a campanha foi retomada porque o dinheiro acabou.<\/p>\n<p>Quem quiser ajudar no processo de restaura\u00e7\u00e3o da Igreja de S\u00e3o Jorge, basta ir na Catedral de S\u00e3o Sebasti\u00e3o, pegar um carn\u00ea ou o n\u00famero da conta pra dep\u00f3sito.<\/p>\n<p>Foto:Divulga\u00e7\u00e3o<\/p>\n<p>Texto:Reda\u00e7\u00e3o\/Portal Cat\u00f3lico<\/p>\n","protected":false},"excerpt":{"rendered":"<p>Depois de quase quatro anos fechada para restaura\u00e7\u00e3o, finalmente,&nbsp;nessa sexta-feira, dia 5, acontece a reabertura da Igreja de S\u00e3o Jorge, em Ilh\u00e9us (BA), com uma missa, \u00e0s cinco e meia da tarde, presidida pelo Bispo da Diocese de Ilh\u00e9us, Dom Mauro Montagnoli. &nbsp;A igreja \u00e9 uma constru\u00e7\u00e3o antiga, do final do s\u00e9culo 16, que conta&nbsp;<\/p>\n<p><a class=\"btn btn-style\" href=\"https:\/\/portalcatolico.net\/portal\/igreja-de-sao-jorge-em-ilheus-vai-ser-reaberta-nesta-sexta-feira\/\">Continue Reading<\/a><\/p>\n","protected":false},"author":2,"featured_media":65309,"comment_status":"open","ping_status":"open","sticky":false,"template":"","format":"standard","meta":{"footnotes":""},"categories":[3],"tags":[],"class_list":["post-65306","post","type-post","status-publish","format-standard","has-post-thumbnail","hentry","category-noticias_regionais"],"_links":{"self":[{"href":"https:\/\/portalcatolico.net\/portal\/wp-json\/wp\/v2\/posts\/65306","targetHints":{"allow":["GET"]}}],"collection":[{"href":"https:\/\/portalcatolico.net\/portal\/wp-json\/wp\/v2\/posts"}],"about":[{"href":"https:\/\/portalcatolico.net\/portal\/wp-json\/wp\/v2\/types\/post"}],"author":[{"embeddable":true,"href":"https:\/\/portalcatolico.net\/portal\/wp-json\/wp\/v2\/users\/2"}],"replies":[{"embeddable":true,"href":"https:\/\/portalcatolico.net\/portal\/wp-json\/wp\/v2\/comments?post=65306"}],"version-history":[{"count":3,"href":"https:\/\/portalcatolico.net\/portal\/wp-json\/wp\/v2\/posts\/65306\/revisions"}],"predecessor-version":[{"id":65310,"href":"https:\/\/portalcatolico.net\/portal\/wp-json\/wp\/v2\/posts\/65306\/revisions\/65310"}],"wp:featuredmedia":[{"embeddable":true,"href":"https:\/\/portalcatolico.net\/portal\/wp-json\/wp\/v2\/media\/65309"}],"wp:attachment":[{"href":"https:\/\/portalcatolico.net\/portal\/wp-json\/wp\/v2\/media?parent=65306"}],"wp:term":[{"taxonomy":"category","embeddable":true,"href":"https:\/\/portalcatolico.net\/portal\/wp-json\/wp\/v2\/categories?post=65306"},{"taxonomy":"post_tag","embeddable":true,"href":"https:\/\/portalcatolico.net\/portal\/wp-json\/wp\/v2\/tags?post=65306"}],"curies":[{"name":"wp","href":"https:\/\/api.w.org\/{rel}","templated":true}]}}