{"id":65303,"date":"2019-07-04T17:16:50","date_gmt":"2019-07-04T20:16:50","guid":{"rendered":"http:\/\/portalcatolico.net\/portal\/?p=65303"},"modified":"2019-07-04T17:16:50","modified_gmt":"2019-07-04T20:16:50","slug":"feliz-aniversario-dom-mauro","status":"publish","type":"post","link":"https:\/\/portalcatolico.net\/portal\/feliz-aniversario-dom-mauro\/","title":{"rendered":"Feliz anivers\u00e1rio, Dom Mauro!"},"content":{"rendered":"<p>Dom&nbsp;Mauro&nbsp;Montagnoli, atual bispo da Diocese&nbsp; de Ilh\u00e9us,&nbsp;&nbsp;nasceu na cidade de Ouro Fino, em 4 de julho de&nbsp;1945. Ele fez a profiss\u00e3o religiosa no&nbsp;dia 9 de dezembro de 1964, foi ordenado sacerdote no dia 24 de janeiro&nbsp;de 1971, e foi nomeado bispo por Jo\u00e3o Paulo II no dia 20 de dezembro de&nbsp;1995.<\/p>\n<p>Dom&nbsp;Mauro&nbsp;recebeu a ordena\u00e7\u00e3o episcopal no dia 24 de fevereiro de 1996 em&nbsp;Ouro Fino, e no dia 10 de mar\u00e7o do mesmo ano, tomou posse como bispo da Diocese&nbsp;de Ilh\u00e9us.<\/p>\n<p>A equipe deste Portal d\u00e1 Gra\u00e7as a Deus pelo&nbsp;anivers\u00e1rio&nbsp;natal\u00edcio de&nbsp;Dom&nbsp;Mauro.<\/p>\n<p>Foto:Acervo\/Portal Cat\u00f3lico<\/p>\n","protected":false},"excerpt":{"rendered":"<p>Dom&nbsp;Mauro&nbsp;Montagnoli, atual bispo da Diocese&nbsp; de Ilh\u00e9us,&nbsp;&nbsp;nasceu na cidade de Ouro Fino, em 4 de julho de&nbsp;1945. Ele fez a profiss\u00e3o religiosa no&nbsp;dia 9 de dezembro de 1964, foi ordenado sacerdote no dia 24 de janeiro&nbsp;de 1971, e foi nomeado bispo por Jo\u00e3o Paulo II no dia 20 de dezembro de&nbsp;1995. Dom&nbsp;Mauro&nbsp;recebeu a ordena\u00e7\u00e3o episcopal&nbsp;<\/p>\n<p><a class=\"btn btn-style\" href=\"https:\/\/portalcatolico.net\/portal\/feliz-aniversario-dom-mauro\/\">Continue Reading<\/a><\/p>\n","protected":false},"author":2,"featured_media":65304,"comment_status":"open","ping_status":"open","sticky":false,"template":"","format":"standard","meta":{"footnotes":""},"categories":[4],"tags":[],"class_list":["post-65303","post","type-post","status-publish","format-standard","has-post-thumbnail","hentry","category-destaques"],"_links":{"self":[{"href":"https:\/\/portalcatolico.net\/portal\/wp-json\/wp\/v2\/posts\/65303","targetHints":{"allow":["GET"]}}],"collection":[{"href":"https:\/\/portalcatolico.net\/portal\/wp-json\/wp\/v2\/posts"}],"about":[{"href":"https:\/\/portalcatolico.net\/portal\/wp-json\/wp\/v2\/types\/post"}],"author":[{"embeddable":true,"href":"https:\/\/portalcatolico.net\/portal\/wp-json\/wp\/v2\/users\/2"}],"replies":[{"embeddable":true,"href":"https:\/\/portalcatolico.net\/portal\/wp-json\/wp\/v2\/comments?post=65303"}],"version-history":[{"count":1,"href":"https:\/\/portalcatolico.net\/portal\/wp-json\/wp\/v2\/posts\/65303\/revisions"}],"predecessor-version":[{"id":65305,"href":"https:\/\/portalcatolico.net\/portal\/wp-json\/wp\/v2\/posts\/65303\/revisions\/65305"}],"wp:featuredmedia":[{"embeddable":true,"href":"https:\/\/portalcatolico.net\/portal\/wp-json\/wp\/v2\/media\/65304"}],"wp:attachment":[{"href":"https:\/\/portalcatolico.net\/portal\/wp-json\/wp\/v2\/media?parent=65303"}],"wp:term":[{"taxonomy":"category","embeddable":true,"href":"https:\/\/portalcatolico.net\/portal\/wp-json\/wp\/v2\/categories?post=65303"},{"taxonomy":"post_tag","embeddable":true,"href":"https:\/\/portalcatolico.net\/portal\/wp-json\/wp\/v2\/tags?post=65303"}],"curies":[{"name":"wp","href":"https:\/\/api.w.org\/{rel}","templated":true}]}}