{"id":65093,"date":"2019-06-22T15:54:52","date_gmt":"2019-06-22T18:54:52","guid":{"rendered":"http:\/\/portalcatolico.net\/portal\/?p=65093"},"modified":"2019-06-22T16:08:58","modified_gmt":"2019-06-22T19:08:58","slug":"coisas-que-voce-nao-deve-fazer-na-missa-e-talvez-nao-saiba","status":"publish","type":"post","link":"https:\/\/portalcatolico.net\/portal\/coisas-que-voce-nao-deve-fazer-na-missa-e-talvez-nao-saiba\/","title":{"rendered":"Coisas que voc\u00ea n\u00e3o deve fazer na Missa e talvez n\u00e3o saiba"},"content":{"rendered":"<p><em>Pequenos detalhes que fazem a diferen\u00e7a e unem a Igreja<\/em><\/p>\n<p><em><strong>N\u00e3o chegar atrasado<\/strong>.&nbsp;Lembre-se de que Deus est\u00e1 esperando voc\u00ea para ench\u00ea-lo com o seu amor, dar o seu perd\u00e3o e um abra\u00e7o, falar ao seu ouvido, e dizer o que o voc\u00ea precisa ouvir. Ele separou um lugar na mesa para voc\u00ea. N\u00e3o o deixe esperando;<\/em><\/p>\n<p><em><strong>N\u00e3o usar roupas provocantes<\/strong>.&nbsp;N\u00e3o use vestu\u00e1rio que possa chamar a aten\u00e7\u00e3o ou provocar (decote, minissaia e shorts);<\/em><\/p>\n<p><em><strong>N\u00e3o entre na igreja sem saudar o Senhor<\/strong>.&nbsp;Ao chegar, fa\u00e7a o sinal da cruz. Ele est\u00e1 l\u00e1, feliz por ver voc\u00ea. Agrade\u00e7a-o, pois ele o convidou.<\/em><\/p>\n<p><em><strong>N\u00e3o tenha pregui\u00e7a de fazer a rever\u00eancia ou a genuflex\u00e3o<\/strong>.&nbsp;Se voc\u00ea passar em frente ao altar, que representa Cristo, fa\u00e7a a rever\u00eancia. Se passar pelo Sacr\u00e1rio, onde est\u00e1 Cristo, fa\u00e7a a genuflex\u00e3o (tocar o ch\u00e3o com o joelho);<\/em><\/p>\n<p><em><strong>N\u00e3o masque chiclete nem coma ou beba<\/strong>.&nbsp;S\u00f3 \u00e9 permitida \u00e1gua e em caso de necessidade e por quest\u00e3o de sa\u00fade;<\/em><\/p>\n<p><em><strong>N\u00e3o cruze as pernas<\/strong>.&nbsp;O ato de cruzar as pernas \u00e9 considerado pouco respeitoso. O seu corpo deve expressar a sua devo\u00e7\u00e3o;<\/em><\/p>\n<p><em>A mesma pessoa n\u00e3o deve fazer a Leitura e o Salmo.&nbsp;Se voc\u00ea vir um s\u00f3 leitor ou leitora, ofere\u00e7a-se para ler, pois as Leituras e o Salmo devem ser proclamados por leitores diferentes (dois no meio da semana e tr\u00eas aos domingos ou dias festivos, quando h\u00e1 a Segunda Leitura);<\/em><\/p>\n<p><em><strong>N\u00e3o adicione frases quando for fazer as Leituras e o Salmo<\/strong>.&nbsp;N\u00e3o leia as letrinhas vermelhas nem diga: \u201cPrimeira Leitura\u201d ou \u201cSalmo Responsorial\u201d;<\/em><\/p>\n<p><em><strong>Nunca recite o Aleluia antecipadamente<\/strong>.&nbsp;N\u00e3o se adiante para dizer \u201cAleluia, Aleluia\u201d. Espere alguns segundos, pois, certamente, algu\u00e9m o cantar\u00e1. Se nem o padre nem ningu\u00e9m cantar, omita-o, mas nunca o recite;<\/em><\/p>\n<p><em><strong>N\u00e3o fa\u00e7a o sinal da cruz na proclama\u00e7\u00e3o do Evangelho<\/strong>.&nbsp;Voc\u00ea s\u00f3 deve fazer tr\u00eas cruzes pequenas: uma na fronte, outra nos l\u00e1bios e a \u00faltima no peito;<\/em><\/p>\n<p><em><strong>N\u00e3o responda no plural quando Credo \u00e9 feito em forma de perguntas<\/strong>.&nbsp;Quem preside a Missa pode perguntar: \u201cCreem em Deus Pai Todo Poderoso?\u201d Neste caso, n\u00e3o responda \u201csim, cremos\u201d, pois a f\u00e9 \u00e9 pessoal. Responda: \u201csim, creio\u201d.<\/em><\/p>\n<p><em><strong>N\u00e3o recolha a oferta durante a Ora\u00e7\u00e3o Universa<\/strong>l.&nbsp;A oferta deve ser recolhida durante a apresenta\u00e7\u00e3o dos dons, quando todos est\u00e3o sentados e o padre agradece a Deus pelo p\u00e3o e o vinho e purifica as m\u00e3os;<\/em><\/p>\n<p><em><strong>N\u00e3o se levante durante a apresenta\u00e7\u00e3o dos dons<\/strong>.&nbsp;\u00c0s vezes, algu\u00e9m se levanta e, por impulso, outros tamb\u00e9m ficam de p\u00e9. Talvez, ao ver o padre levantar o c\u00e1lice e a h\u00f3stia, as pessoas pensam que j\u00e1 \u00e9 a Consagra\u00e7\u00e3o. Mas n\u00e3o \u00e9;<\/em><\/p>\n<p><em><strong>N\u00e3o se ajoelhe logo depois do \u201cSanto\u201d<\/strong>.&nbsp;\u00c9 preciso esperar que o padre pe\u00e7a que o Esp\u00edrito Santo transforme o p\u00e3o e o vinho em Corpo e Sangue de Cristo. \u00c9 neste momento que se deve ajoelhar-se (se houver sino, ajoelhe-se quando ele soar);<\/em><\/p>\n<p><em><strong>N\u00e3o ficar sentado durante a Consagra\u00e7\u00e3o<\/strong>.&nbsp;Se voc\u00ea n\u00e3o consegue se ajoelhar, fique de p\u00e9, mas nunca se sente, a menos que seja por alguma doen\u00e7a. \u00c9 falta de respeito com Cristo, que se faz presente no altar;<\/em><\/p>\n<p><em><strong>N\u00e3o dizer nada em voz alta durante a Consagra\u00e7\u00e3o<\/strong>.&nbsp;Tem gente que, durante a Consagra\u00e7\u00e3o, diz em voz alta: \u201cMeu Senhor, Meu Deus\u201d. Mas isso distrai quem est\u00e1 fazendo uma ora\u00e7\u00e3o pessoal em sil\u00eancio;<\/em><\/p>\n<p><em><strong>N\u00e3o diga em voz alta<\/strong>: \u201cPor Cristo, com Cristo, em Cristo\u2026\u201d.&nbsp;S\u00f3 quem deve dizer isso \u00e9 quem preside a Missa;<\/em><\/p>\n<p><em><strong>N\u00e3o saia do seu lugar para ir dar a Paz<\/strong>.&nbsp;Voc\u00ea s\u00f3 deve cumprimentar quem est\u00e1 perto de voc\u00ea, n\u00e3o outras pessoas, em outros bancos. Tampouco deve aproveitar para ir felicitar algu\u00e9m ou dar p\u00easames;<\/em><\/p>\n<p><em><strong>Se voc\u00ea n\u00e3o estiver preparado, n\u00e3o comungue<\/strong>.&nbsp;Voc\u00ea deve ter guardado o jejum eucar\u00edstico (n\u00e3o ter comido nem bebido nada uma hora antes de comungar) e n\u00e3o ter pecado grave;<\/em><\/p>\n<p><em><strong>N\u00e3o fazer somente uma fila de Comunh\u00e3o (a do padre)<\/strong>.&nbsp;Jesus est\u00e1 presente na H\u00f3stia Consagrada, n\u00e3o importa se \u00e9 a h\u00f3stia segurada pelo padre ou por um Ministro Extraordin\u00e1rio da Eucaristia, que \u00e9 uma pessoa preparada e autorizada pela Igreja para distribuir a Comunh\u00e3o na Missa e lev\u00e1-la aos idosos e enfermos;<\/em><\/p>\n<p><em><strong>Depois de comungar, n\u00e3o converse com os outros<\/strong>.&nbsp;Volte ao seu lugar e fale com o Senhor. Se voc\u00ea n\u00e3o comungou, fa\u00e7a uma comunh\u00e3o espiritual e converse com Ele;<\/em><\/p>\n<p><em><strong>Quando terminar a distribui\u00e7\u00e3o da Comunh\u00e3o, n\u00e3o continuar cantando<\/strong>.&nbsp;O canto da Comunh\u00e3o deve terminar quando a \u00faltima pessoa receber a h\u00f3stia, para que haja um sil\u00eancio sagrado, em que cada pessoa entra em di\u00e1logo com Deus;<\/em><\/p>\n<p><em><strong>Desligue o celular<\/strong>.&nbsp;N\u00e3o fique mandando mensagens ou falando ao celular durante a Missa, pois isso distrai voc\u00ea e os outros. Dedique sua aten\u00e7\u00e3o ao Senhor, que est\u00e1 dedicando a aten\u00e7\u00e3o Dele a voc\u00ea;<\/em><\/p>\n<p><em><strong>N\u00e3o perca as crian\u00e7as de vista<\/strong>.&nbsp;Ensine-as a aproveitar a casa do Pai e a se comportar na Missa;<\/em><\/p>\n<p><em><strong>N\u00e3o saia antes que a Missa termine<\/strong>.&nbsp;N\u00e3o perca a b\u00ean\u00e7\u00e3o fina, atrav\u00e9s da qual o padre o envia ao mundo para dar testemunho em nome do Pai, do Filho e do Esp\u00edrito Santo. Saia da Igreja com um prop\u00f3sito novo, que tenha sido inspirado no Senhor, para edificar no mundo o Seu Reino de amor.&nbsp;(Aleteia).<\/em><\/p>\n<p>Foto:Acervo\/Portal Cat\u00f3lico.Net<\/p>\n","protected":false},"excerpt":{"rendered":"<p>Pequenos detalhes que fazem a diferen\u00e7a e unem a Igreja N\u00e3o chegar atrasado.&nbsp;Lembre-se de que Deus est\u00e1 esperando voc\u00ea para ench\u00ea-lo com o seu amor, dar o seu perd\u00e3o e um abra\u00e7o, falar ao seu ouvido, e dizer o que o voc\u00ea precisa ouvir. Ele separou um lugar na mesa para voc\u00ea. N\u00e3o o deixe&nbsp;<\/p>\n<p><a class=\"btn btn-style\" href=\"https:\/\/portalcatolico.net\/portal\/coisas-que-voce-nao-deve-fazer-na-missa-e-talvez-nao-saiba\/\">Continue Reading<\/a><\/p>\n","protected":false},"author":2,"featured_media":64144,"comment_status":"open","ping_status":"open","sticky":false,"template":"","format":"standard","meta":{"footnotes":""},"categories":[69],"tags":[],"class_list":["post-65093","post","type-post","status-publish","format-standard","has-post-thumbnail","hentry","category-artigos"],"_links":{"self":[{"href":"https:\/\/portalcatolico.net\/portal\/wp-json\/wp\/v2\/posts\/65093","targetHints":{"allow":["GET"]}}],"collection":[{"href":"https:\/\/portalcatolico.net\/portal\/wp-json\/wp\/v2\/posts"}],"about":[{"href":"https:\/\/portalcatolico.net\/portal\/wp-json\/wp\/v2\/types\/post"}],"author":[{"embeddable":true,"href":"https:\/\/portalcatolico.net\/portal\/wp-json\/wp\/v2\/users\/2"}],"replies":[{"embeddable":true,"href":"https:\/\/portalcatolico.net\/portal\/wp-json\/wp\/v2\/comments?post=65093"}],"version-history":[{"count":4,"href":"https:\/\/portalcatolico.net\/portal\/wp-json\/wp\/v2\/posts\/65093\/revisions"}],"predecessor-version":[{"id":65098,"href":"https:\/\/portalcatolico.net\/portal\/wp-json\/wp\/v2\/posts\/65093\/revisions\/65098"}],"wp:featuredmedia":[{"embeddable":true,"href":"https:\/\/portalcatolico.net\/portal\/wp-json\/wp\/v2\/media\/64144"}],"wp:attachment":[{"href":"https:\/\/portalcatolico.net\/portal\/wp-json\/wp\/v2\/media?parent=65093"}],"wp:term":[{"taxonomy":"category","embeddable":true,"href":"https:\/\/portalcatolico.net\/portal\/wp-json\/wp\/v2\/categories?post=65093"},{"taxonomy":"post_tag","embeddable":true,"href":"https:\/\/portalcatolico.net\/portal\/wp-json\/wp\/v2\/tags?post=65093"}],"curies":[{"name":"wp","href":"https:\/\/api.w.org\/{rel}","templated":true}]}}