{"id":65083,"date":"2019-06-21T22:32:34","date_gmt":"2019-06-22T01:32:34","guid":{"rendered":"http:\/\/portalcatolico.net\/portal\/?p=65083"},"modified":"2019-06-21T22:35:24","modified_gmt":"2019-06-22T01:35:24","slug":"ultimos-dia-da-imagem-de-irma-dulce-na-paroquia-de-santa-rita-em-itabuna-confira-a-programacao","status":"publish","type":"post","link":"https:\/\/portalcatolico.net\/portal\/ultimos-dia-da-imagem-de-irma-dulce-na-paroquia-de-santa-rita-em-itabuna-confira-a-programacao\/","title":{"rendered":"\u00daltimos dia da imagem de Irm\u00e3 Dulce na Par\u00f3quia de  Santa Rita em Itabuna. Confira a programa\u00e7\u00e3o!"},"content":{"rendered":"<p><img loading=\"lazy\" decoding=\"async\" class=\"size-medium wp-image-65086 alignleft\" src=\"http:\/\/portalcatolico.net\/portal\/wp-content\/uploads\/2019\/06\/sem-t\u00edtulo-31-300x200.jpg\" alt=\"\" width=\"300\" height=\"200\" srcset=\"https:\/\/portalcatolico.net\/portal\/wp-content\/uploads\/2019\/06\/sem-t\u00edtulo-31-300x200.jpg 300w, https:\/\/portalcatolico.net\/portal\/wp-content\/uploads\/2019\/06\/sem-t\u00edtulo-31-768x512.jpg 768w, https:\/\/portalcatolico.net\/portal\/wp-content\/uploads\/2019\/06\/sem-t\u00edtulo-31-1024x682.jpg 1024w, https:\/\/portalcatolico.net\/portal\/wp-content\/uploads\/2019\/06\/sem-t\u00edtulo-31.jpg 2000w\" sizes=\"auto, (max-width: 300px) 100vw, 300px\" \/>Esta sexta-feira, 21, j\u00ea a quarta noite em que a imagem de Irm\u00e3 Dulce se encontra na Par\u00f3quia Santa Rita de C\u00e1ssia,&nbsp;em Itabuna (BA). O presidente da celebra\u00e7\u00e3o da missa de hoje foi o Reitor do Santu\u00e1rio da Bem-Aventurada&nbsp;Irm\u00e3 Dulce dos Pobres, situada no Largo de Roma na Arquidiocese de&nbsp;&nbsp;Salvador (BA), o Pe. Frei Giovanni Barbosa Messias.&nbsp;&nbsp;A concelebra\u00e7\u00e3o ficou por conta do Frei Jos\u00e9 Gen\u00edlton (p\u00e1roco da igreja matriz de Santa&nbsp;Rita de C\u00e1ssia) e&nbsp;&nbsp;do Frei Carlos In\u00e1cio.<\/p>\n<p>&nbsp;A santa missa teve inicio \u00e0s&nbsp;19h.&nbsp; na oportunidade, o Frei Giovanni falou sobre a entrega de Irm\u00e3 Dulce: &#8220;Irm\u00e3 Dulce colocava amor nas pequenas coisas, nas coisas mais simples&#8221;.<\/p>\n<p>No pr\u00f3ximo domingo, \u00e1s&nbsp;19h, acontece a missa de encerramento da visita da imagem da Santa na Par\u00f3quia de Santa Rita. Mas, vale ressaltar, que a peregrina\u00e7\u00e3o da imagem continua em outras par\u00f3quias.<\/p>\n<p>Confira a programa\u00e7\u00e3o que segue at\u00e9 domingo na Par\u00f3quia de Santa Rita de C\u00e1ssia:<\/p>\n<p>&nbsp;<strong>22\/06 &#8211; (S\u00e1bado)<\/strong><br \/>\nDas 8 \u00e0s 11h- Legi\u00e3o de Maria<br \/>\n11 \u00e0s 13h- Comunidade Nossa Senhora de Lourdes<br \/>\n13 \u00e0s 16h-Pastoral do D\u00edzimo e Apostolado da Ora\u00e7\u00e3o<br \/>\n16 \u00e0s 18h30-MECE e Ter\u00e7o dos homens<br \/>\n19h- Santa missa com a participa\u00e7\u00e3o de todos os grupos<\/p>\n<p><strong>23\/06 &#8211; (Domingo)<\/strong><br \/>\n8&nbsp;&nbsp;\u00e0s 11h- Legi\u00e3o de Maria<br \/>\n11 \u00e0s13h- RCC e MEFA<br \/>\n13 \u00e0s 16h-&nbsp;&nbsp;Pastoral Familiar e M\u00fasicos<br \/>\n16 \u00e0s 18h30h- MECE e Ter\u00e7o dos Homens<br \/>\n19h- missa de encerramento com presid\u00eancia do Bispo da Diocese de Itabuna,&nbsp;<br \/>\nDom Carlos Alberto dos Santos.<\/p>\n<p>Confira as fotos em nossa p\u00e1gina oficial no Facebook: <a href=\"https:\/\/www.facebook.com\/portalcatolicooficial\/\">https:\/\/www.facebook.com\/portalcatolicooficial\/<\/a><\/p>\n","protected":false},"excerpt":{"rendered":"<p>Esta sexta-feira, 21, j\u00ea a quarta noite em que a imagem de Irm\u00e3 Dulce se encontra na Par\u00f3quia Santa Rita de C\u00e1ssia,&nbsp;em Itabuna (BA). O presidente da celebra\u00e7\u00e3o da missa de hoje foi o Reitor do Santu\u00e1rio da Bem-Aventurada&nbsp;Irm\u00e3 Dulce dos Pobres, situada no Largo de Roma na Arquidiocese de&nbsp;&nbsp;Salvador (BA), o Pe. Frei Giovanni&nbsp;<\/p>\n<p><a class=\"btn btn-style\" href=\"https:\/\/portalcatolico.net\/portal\/ultimos-dia-da-imagem-de-irma-dulce-na-paroquia-de-santa-rita-em-itabuna-confira-a-programacao\/\">Continue Reading<\/a><\/p>\n","protected":false},"author":2,"featured_media":65084,"comment_status":"open","ping_status":"open","sticky":false,"template":"","format":"standard","meta":{"footnotes":""},"categories":[68],"tags":[],"class_list":["post-65083","post","type-post","status-publish","format-standard","has-post-thumbnail","hentry","category-homilias"],"_links":{"self":[{"href":"https:\/\/portalcatolico.net\/portal\/wp-json\/wp\/v2\/posts\/65083","targetHints":{"allow":["GET"]}}],"collection":[{"href":"https:\/\/portalcatolico.net\/portal\/wp-json\/wp\/v2\/posts"}],"about":[{"href":"https:\/\/portalcatolico.net\/portal\/wp-json\/wp\/v2\/types\/post"}],"author":[{"embeddable":true,"href":"https:\/\/portalcatolico.net\/portal\/wp-json\/wp\/v2\/users\/2"}],"replies":[{"embeddable":true,"href":"https:\/\/portalcatolico.net\/portal\/wp-json\/wp\/v2\/comments?post=65083"}],"version-history":[{"count":4,"href":"https:\/\/portalcatolico.net\/portal\/wp-json\/wp\/v2\/posts\/65083\/revisions"}],"predecessor-version":[{"id":65089,"href":"https:\/\/portalcatolico.net\/portal\/wp-json\/wp\/v2\/posts\/65083\/revisions\/65089"}],"wp:featuredmedia":[{"embeddable":true,"href":"https:\/\/portalcatolico.net\/portal\/wp-json\/wp\/v2\/media\/65084"}],"wp:attachment":[{"href":"https:\/\/portalcatolico.net\/portal\/wp-json\/wp\/v2\/media?parent=65083"}],"wp:term":[{"taxonomy":"category","embeddable":true,"href":"https:\/\/portalcatolico.net\/portal\/wp-json\/wp\/v2\/categories?post=65083"},{"taxonomy":"post_tag","embeddable":true,"href":"https:\/\/portalcatolico.net\/portal\/wp-json\/wp\/v2\/tags?post=65083"}],"curies":[{"name":"wp","href":"https:\/\/api.w.org\/{rel}","templated":true}]}}